{"id":135198,"date":"2025-11-01T10:34:07","date_gmt":"2025-11-01T10:34:07","guid":{"rendered":"https:\/\/www.europesays.com\/pt\/135198\/"},"modified":"2025-11-01T10:34:07","modified_gmt":"2025-11-01T10:34:07","slug":"com-maior-superlua-de-2025-veja-eventos-no-ceu-do-ce-em-novembro-ciencia","status":"publish","type":"post","link":"https:\/\/www.europesays.com\/pt\/135198\/","title":{"rendered":"Com maior superlua de 2025, veja eventos no c\u00e9u do CE em novembro &#8211; Ci\u00eancia"},"content":{"rendered":"<p><strong>A Lua \u00e9 a protagonista do c\u00e9u do Cear\u00e1 em novembro, quando acontece a maior superlua de 2025<\/strong>, conhecida como &#8220;Superlua do Ca\u00e7ador&#8221;.\u00a0<\/p>\n<blockquote class=\"blockquote border-accent not-italic\">\n<p>\n\t\t\tDurante o fen\u00f4meno, o corpo celeste parece maior e mais brilhante.\n\t\t<\/p>\n<\/blockquote>\n<p>Em novembro, os amantes de astronomia no territ\u00f3rio cearense ainda podem <strong>observar <a href=\"https:\/\/diariodonordeste.verdesmares.com.br\/ultima-hora\/ciencia\/chuva-de-meteoros-entenda-o-que-e-o-fenomeno-astronomico-1.3692296\" target=\"_self\" rel=\"nofollow noopener\">chuvas de meteoros<\/a>, J\u00fapiter retr\u00f3grado e diversas aproxima\u00e7\u00f5es da Lua com os planetas do Sistema Solar<\/strong>.<\/p>\n<p>A seguir, confira o calend\u00e1rio de efem\u00e9rides elaborado, a pedido do Di\u00e1rio do Nordeste, pelos membros do Laborat\u00f3rio de Ensino e Pesquisa em Astronomia (Lepa) do Observat\u00f3rio Astron\u00f4mico Otto de Alencar na Universidade Estadual do Cear\u00e1 (Uece), Arthur Feitosa Moreira e Yarlei dos Santos Barbosa.<\/p>\n<p><strong>O que ver no c\u00e9u do Cear\u00e1 em novembro de 2025<\/strong><\/p>\n<p><strong>2\/11 \u2014 Conjun\u00e7\u00e3o Lua e Saturno<\/strong><\/p>\n<p><strong>O sat\u00e9lite natural da Terra e o planeta anelado compartilham a mesma ascens\u00e3o reta neste dia<\/strong>. O par \u00e9 vis\u00edvel no c\u00e9u de Fortaleza \u00e0 noite, por volta das 17h52, acima do horizonte leste, e atinge o ponto mais alto \u00e0s 20h31, no sul.\u00a0<\/p>\n<p>Os dois corpos celestes est\u00e3o afastados demais para caber no campo de vis\u00e3o de um telesc\u00f3pio, mas est\u00e3o vis\u00edveis a olho nu ou por meio de um par de bin\u00f3culos.<\/p>\n<p><strong>4\/11 \u2014 Merc\u00fario em dicotomia<\/strong><\/p>\n<p><strong>Merc\u00fario atinge a meia fase e estar\u00e1 brilhando intensamente com magnitude de -0,1<\/strong>. A apari\u00e7\u00e3o n\u00e3o \u00e9 uma das mais proeminentes, mas chega ao pico de altitude de 20\u00b0 acima do horizonte da Capital, pr\u00f3ximo ao p\u00f4r do Sol.\u00a0<\/p>\n<p><strong>5\/11 \u2014 &#8216;Superlua do Ca\u00e7ador&#8217; (Lua cheia)<\/strong><\/p>\n<p><strong>A Lua entra na fase cheia neste dia e, coincidentemente, tamb\u00e9m atinge o perigeu<\/strong> \u2014 o ponto da sua \u00f3rbita mais pr\u00f3ximo da Terra. Quando ambos os fen\u00f4menos acontecem simultaneamente h\u00e1 uma superlua.<\/p>\n<blockquote class=\"blockquote border-accent not-italic\">\n<p>\n\t\t\tA previs\u00e3o \u00e9 que a Lua aparece maior e mais brilhante no c\u00e9u do Cear\u00e1.\n\t\t<\/p>\n<\/blockquote>\n<p><p>\n\t\t\t\t\t\t\t\t\tLegenda:<br \/>\n\t\t\t\t\t\t\t\t\tFen\u00f4meno \u00e9 observ\u00e1vel desde que o c\u00e9u esteja livre de nuvens.\n\t\t\t\t\t\t\t\t<\/p>\n<p>\n\t\t\t\t\t\t\t\t\tFoto:<br \/>\n\t\t\t\t\t\t\t\t\tDavi Rocha.\n\t\t\t\t\t\t\t\t<\/p>\n<\/p>\n<p><strong>Nesta data, o sat\u00e9lite est\u00e1 mais pr\u00f3ximo \u00e0 superf\u00edcie terrestre do que nas demais superluas de 2025<\/strong>, ent\u00e3o o fen\u00f4meno deve ser o mais impressionante deste ano, segundo dados do Observat\u00f3rio Nacional (ON).<\/p>\n<p>Em novembro, a fase cheia \u00e9 conhecida como Lua do Ca\u00e7ador \u2014 ou Lua do Castor \u2014, ent\u00e3o <strong>esta \u00e9 a &#8220;Superlua do Ca\u00e7ador&#8221;<\/strong>.<\/p>\n<p><strong>10\/11 \u2014 Conjun\u00e7\u00e3o Lua e J\u00fapiter<\/strong><\/p>\n<p><strong>O sat\u00e9lite e o maior planeta do Sistema Solar compartilham a mesma ascens\u00e3o reta nesta data<\/strong>. O par \u00e9 vis\u00edvel no c\u00e9u de Fortaleza pela manh\u00e3, mas se torna acess\u00edvel \u00e0 observa\u00e7\u00e3o somente \u00e0s 22h42, quando atingem altitude de 7\u00b0 acima do horizonte nordeste.<\/p>\n<p>Na madrugada seguinte, a conjun\u00e7\u00e3o entre a Lua e J\u00fapiter alcan\u00e7a o ponto mais alto, por volta das \u00e0s 4h02, 65\u00b0 acima do horizonte norte.\u00a0<\/p>\n<p>Por estar muito separado, o par n\u00e3o cabe no campo de vis\u00e3o de um telesc\u00f3pio, mas \u00e9 vis\u00edvel a olho nu.<\/p>\n<p><strong>11\/11 \u2014 J\u00fapiter retr\u00f3grado<\/strong><\/p>\n<p><strong>O gigante gasoso entra em movimento retr\u00f3grado, interrompendo a trajet\u00f3ria habitual para o leste e passando a se mover a oeste<\/strong>.<\/p>\n<blockquote class=\"blockquote border-accent not-italic\">\n<p>\n\t\t\tO evento \u00e9 comum e acontece com diversos corpos do Sistema Solar ao longo do ano.\u00a0\n\t\t<\/p>\n<\/blockquote>\n<p>Segundo os especialistas, o fen\u00f4meno ocorre por que a perspectiva da Terra em rela\u00e7\u00e3o aos demais planetas muda conforme ela se movimenta ao redor do Sol.<\/p>\n<p>&#8220;Isso faz com que as posi\u00e7\u00f5es aparentes dos objetos movam-se de um lado para o outro&#8221;, explicam os membros do Lepa.<\/p>\n<p>\t\t\t\tVeja tamb\u00e9m<\/p>\n<p><strong>12\/11 \u2014 Chuva de meteoros T\u00e1uridas<\/strong><strong> do Norte<\/strong><\/p>\n<p>Localizada na constela\u00e7\u00e3o de Touro e ativa de outubro a dezembro, <strong>a chuva de meteoros T\u00e1uridas do Norte atinge o pico neste dia, por volta das 9h<\/strong>. Ent\u00e3o, o melhor momento para observ\u00e1-la no horizonte leste de Fortaleza \u00e9 durante a madrugada.\u00a0<\/p>\n<p>A previs\u00e3o \u00e9 que o fen\u00f4meno produza uma taxa nominal de cerca de 5 meteoros por hora. No entanto, o n\u00famero pode ser menor, j\u00e1 que a ilumina\u00e7\u00e3o do amanhecer pode interferir na visibilidade do evento.\u00a0<\/p>\n<p><strong>17\/11 \u2014 Chuva de meteoros Leon\u00eddeas<\/strong><\/p>\n<p><p>\n\t\t\t\t\t\t\t\t\tLegenda:<br \/>\n\t\t\t\t\t\t\t\t\tFen\u00f4meno produz 15 meteoros por hora no momento de pico.\n\t\t\t\t\t\t\t\t<\/p>\n<p>\n\t\t\t\t\t\t\t\t\tFoto:<br \/>\n\t\t\t\t\t\t\t\t\tAstroStar\/Shutterstock.\n\t\t\t\t\t\t\t\t<\/p>\n<\/p>\n<p>Ativo entre os dias 6 e 30 de novembro, <strong>o evento atinge o auge neste dia, por volta das 15h, na constela\u00e7\u00e3o de Le\u00e3o<\/strong>.\u00a0<\/p>\n<p>Da Capital cearense, a chuva de meteoros produz os melhores momentos logo antes do amanhecer, no horizonte leste, com expectativa de 15 meteoros por hora.\u00a0<\/p>\n<p><strong>17\/11 \u2014 Aglomerado das Pl\u00eaiades bem posicionado<\/strong><\/p>\n<p><strong>Neste dia, o aglomerado estelar com estrelas muito brilhantes, de espectro predominantemente azul, chamado M45 ou Pl\u00eaiades, fica bem posicionado para visualiza\u00e7\u00e3o na constela\u00e7\u00e3o de Touro<\/strong>.<\/p>\n<p>O fen\u00f4meno atinge o ponto mais alto por volta da meia-noite para quem acompanha de Fortaleza, mas \u00e9 visto a partir de 18h34 at\u00e9 \u00e0s 4h29. D\u00e1 para ver o aglomerado de estrelas a olho nu, mas fica mais f\u00e1cil com bin\u00f3culos.<\/p>\n<p><strong>21\/11 \u2014 Chuva de meteoros Alfa Monoceritideos<\/strong><\/p>\n<p>Ativa entre os dias 15 e 25, <strong>a chuva de meteoros atinge seu pico neste dia, na constela\u00e7\u00e3o de C\u00e3o Menor, e \u00e9 vis\u00edvel a partir das 21h18 de 20 de novembro<\/strong>.\u00a0<\/p>\n<p>Na Capital cearense, pode ser observada no horizonte leste, onde deve produzir os melhores displays por volta das 3h do dia 21.\u00a0<\/p>\n<p><strong>27\/11 \u2014 Aglomerado aberto de Hyades bem posicionado<\/strong><\/p>\n<p>O aglomerado aberto de Hyades, ou H\u00edades, \u00e9 formado por estrelas jovens posicionadas em formato de &#8220;v&#8221;. Tamb\u00e9m localizado na constela\u00e7\u00e3o de Touro, fica ao lado das Pl\u00eaiades.\u00a0<\/p>\n<p><strong>O corpo celeste atinge o ponto mais alto neste dia, por volta da meia-noite, para quem acompanha de Fortaleza, mas \u00e9 visto a partir de 18h26 at\u00e9 \u00e0s 4h38<\/strong>.<\/p>\n<p>\u00c9 poss\u00edvel observar o aglomerado de estrelas a olho nu, mas \u00e9 mais f\u00e1cil com bin\u00f3culos.<\/p>\n<p><strong>28\/11 \u2014 Chuva de meteoros Orion\u00eddeas<\/strong><\/p>\n<p>Ativo dos dias 13 deste m\u00eas a 6 de dezembro na constela\u00e7\u00e3o de \u00d3rion, <strong>o fen\u00f4meno alcan\u00e7a o auge nesta data, sendo vis\u00edvel at\u00e9 \u00e0s 4h47<\/strong>.\u00a0<\/p>\n<p>Em Fortaleza, a chuva de meteoros produz os melhores momentos por volta da 1h, no horizonte leste.\u00a0<\/p>\n<p><strong>28\/11 \u2014 Fim de Saturno retr\u00f3grado<\/strong><\/p>\n<p><strong>O segundo maior planeta do Sistema Solar encerra o ciclo de movimento retr\u00f3grado nesta data<\/strong>, retornando ao movimento usual para o leste.\u00a0<\/p>\n<p><strong>29\/11 \u2014 Conjun\u00e7\u00e3o Lua e Saturno<\/strong><\/p>\n<p>O m\u00eas de novembro se encerra com uma aproxima\u00e7\u00e3o entre a Lua e o planeta anelado. <strong>O par \u00e9 vis\u00edvel no c\u00e9u cearense a noite, por volta das 18h, acima do horizonte leste.\u00a0<\/strong><\/p>\n<p>Por esterem muito longe um do outro, os dois corpos n\u00e3o podem ser observados por um telesc\u00f3pio, devido ao tamanho do campo de vis\u00e3o do equipamento, mas podem ser vistos a olho nu ou com uso de um par de bin\u00f3culos.\u00a0<\/p>\n","protected":false},"excerpt":{"rendered":"A Lua \u00e9 a protagonista do c\u00e9u do Cear\u00e1 em novembro, quando acontece a maior superlua de 2025,&hellip;\n","protected":false},"author":2,"featured_media":135199,"comment_status":"","ping_status":"","sticky":false,"template":"","format":"standard","meta":{"footnotes":""},"categories":[84],"tags":[30388,109,107,108,3248,32,33,105,103,104,106,110],"class_list":{"0":"post-135198","1":"post","2":"type-post","3":"status-publish","4":"format-standard","5":"has-post-thumbnail","7":"category-ciencia-e-tecnologia","8":"tag-carol-melo","9":"tag-ciencia","10":"tag-ciencia-e-tecnologia","11":"tag-cienciaetecnologia","12":"tag-estados","13":"tag-portugal","14":"tag-pt","15":"tag-science","16":"tag-science-and-technology","17":"tag-scienceandtechnology","18":"tag-technology","19":"tag-tecnologia"},"share_on_mastodon":{"url":"https:\/\/pubeurope.com\/@pt\/115473997106780584","error":""},"_links":{"self":[{"href":"https:\/\/www.europesays.com\/pt\/wp-json\/wp\/v2\/posts\/135198","targetHints":{"allow":["GET"]}}],"collection":[{"href":"https:\/\/www.europesays.com\/pt\/wp-json\/wp\/v2\/posts"}],"about":[{"href":"https:\/\/www.europesays.com\/pt\/wp-json\/wp\/v2\/types\/post"}],"author":[{"embeddable":true,"href":"https:\/\/www.europesays.com\/pt\/wp-json\/wp\/v2\/users\/2"}],"replies":[{"embeddable":true,"href":"https:\/\/www.europesays.com\/pt\/wp-json\/wp\/v2\/comments?post=135198"}],"version-history":[{"count":0,"href":"https:\/\/www.europesays.com\/pt\/wp-json\/wp\/v2\/posts\/135198\/revisions"}],"wp:featuredmedia":[{"embeddable":true,"href":"https:\/\/www.europesays.com\/pt\/wp-json\/wp\/v2\/media\/135199"}],"wp:attachment":[{"href":"https:\/\/www.europesays.com\/pt\/wp-json\/wp\/v2\/media?parent=135198"}],"wp:term":[{"taxonomy":"category","embeddable":true,"href":"https:\/\/www.europesays.com\/pt\/wp-json\/wp\/v2\/categories?post=135198"},{"taxonomy":"post_tag","embeddable":true,"href":"https:\/\/www.europesays.com\/pt\/wp-json\/wp\/v2\/tags?post=135198"}],"curies":[{"name":"wp","href":"https:\/\/api.w.org\/{rel}","templated":true}]}}