{"id":135204,"date":"2025-11-01T10:37:10","date_gmt":"2025-11-01T10:37:10","guid":{"rendered":"https:\/\/www.europesays.com\/pt\/135204\/"},"modified":"2025-11-01T10:37:10","modified_gmt":"2025-11-01T10:37:10","slug":"oito-distritos-sob-aviso-laranja","status":"publish","type":"post","link":"https:\/\/www.europesays.com\/pt\/135204\/","title":{"rendered":"oito distritos sob aviso laranja"},"content":{"rendered":"<p>&#13;<br \/>\n<b>Os distritos de Viseu, Guarda, Santar\u00e9m, Lisboa, Leiria, Castelo Branco, Aveiro e Coimbra est\u00e3o sob aviso laranja devido \u00e0 chuva persistente, por vezes forte, acompanhada de vento.<\/b> &#13;\n<\/p>\n<p>&#13;<br \/>\nTamb\u00e9m devido \u00e0 chuva est\u00e3o sob aviso amarelo os distritos de Bragan\u00e7a, Porto, Vila Real, Set\u00fabal e Portalegre.<\/p>\n<p>          <img decoding=\"async\" itemprop=\"image\" class=\"img-fluid\"   src=\"https:\/\/www.europesays.com\/pt\/wp-content\/uploads\/2025\/11\/f52208db5d665aa2566373c01dcdb610_N.jpg\"\/><\/p>\n<p>&#13;<br \/>\n<b>As previs\u00f5es s\u00e3o de chuva, por vezes forte e persistente, em especial na regi\u00e3o Centro, diminuindo gradualmente de intensidade e frequ\u00eancia de norte para sul, e de vento com mais intensidade na faixa costeira ocidental e nas terras altas.<\/b>&#13;\n<\/p>\n<p>&#13;<br \/>\nNa regi\u00e3o Norte, o c\u00e9u dever\u00e1 estar muito nublado, com abertas no litoral a partir da manh\u00e3 e no interior a partir da tarde.&#13;\n<\/p>\n<p class=\"Right\">&#13;<br \/>\nO IPMA regista tamb\u00e9m uma descida global da temperatura m\u00ednima.&#13;\n<\/p>\n<p>&#13;<br \/>\nPara o Centro, prev\u00ea-se c\u00e9u muito nublado, com abertas a partir do final da tarde e chuva, por vezes forte e persistente, diminuindo gradualmente de intensidade e frequ\u00eancia do litoral para o interior a partir da manh\u00e3.&#13;\n<\/p>\n<p>&#13;<br \/>\n<b>Est\u00e1 previsto vento fraco a moderado (at\u00e9 30 quil\u00f3metros por hora) do quadrante oeste, por vezes forte (at\u00e9 40 km\/hora), com rajadas at\u00e9 60 km\/h, na faixa costeira at\u00e9 ao in\u00edcio da manh\u00e3 e nas terras altas at\u00e9 ao meio da tarde, rodando gradualmente para norte\/noroeste.<\/b>&#13;\n<\/p>\n<p>&#13;<br \/>\nPara o sul, a previs\u00e3o \u00e9 de c\u00e9u muito nublado ou encoberto, com abertas no sotavento algarvio e <b>per\u00edodos de chuva, &#8220;podendo ser por vezes forte&#8221;, mas, em geral, &#8220;fraca e mais prov\u00e1vel a partir do final da tarde no Algarve&#8221;<\/b>, referiu o IPMA, em comunicado.&#13;\n<\/p>\n<p>&#13;<br \/>\nNa Grande Lisboa, o c\u00e9u muito nublado dar\u00e1 lugar a abertas a partir do final da tarde e a chuva vai diminuir de intensidade e frequ\u00eancia tamb\u00e9m a partir da tarde.&#13;\n<\/p>\n<p>&#13;<br \/>\nNo Grande Porto, prev\u00ea-se id\u00eantica melhoria j\u00e1 a partir desta manh\u00e3.<br \/>&#13;<br \/>\nDezenas de ocorr\u00eancias devido \u00e0 chuva<br \/>&#13;<br \/>\nA maioria das ocorr\u00eancias registadas, entre as 00h00 e as 07h00 deste s\u00e1bado, foram inunda\u00e7\u00f5es, num total de 43, disse \u00e0 Lusa Jos\u00e9 Rodrigues, da ANEPC, adiantando n\u00e3o se terem registado v\u00edtimas ou danos graves devido \u00e0 chuva.<br \/>&#13;<br \/>\n<b><br \/>&#13;<br \/>\nAl\u00e9m de inunda\u00e7\u00f5es, a maioria das ocorr\u00eancias foram devido a queda de \u00e1rvores e a necessidade de limpeza das vias, adiantou a ANEPC.<\/b><\/p>\n<p>As opera\u00e7\u00f5es mobilizaram 244 operacionais, apoiados por 96 ve\u00edculos.&#13;\n<\/p>\n<p class=\"fontsmall\">&#13;<br \/>\nC\/Lusa&#13;<\/p>\n","protected":false},"excerpt":{"rendered":"&#13; Os distritos de Viseu, Guarda, Santar\u00e9m, Lisboa, Leiria, Castelo Branco, Aveiro e Coimbra est\u00e3o sob aviso laranja&hellip;\n","protected":false},"author":2,"featured_media":135205,"comment_status":"","ping_status":"","sticky":false,"template":"","format":"standard","meta":{"footnotes":""},"categories":[10],"tags":[1450,27,28,15,16,14,25,26,21,22,12,13,19,20,32,23,24,33,17,18,29,30,31,8721],"class_list":{"0":"post-135204","1":"post","2":"type-post","3":"status-publish","4":"format-standard","5":"has-post-thumbnail","7":"category-portugal","8":"tag-braganca","9":"tag-breaking-news","10":"tag-breakingnews","11":"tag-featured-news","12":"tag-featurednews","13":"tag-headlines","14":"tag-latest-news","15":"tag-latestnews","16":"tag-main-news","17":"tag-mainnews","18":"tag-news","19":"tag-noticias","20":"tag-noticias-principais","21":"tag-noticiasprincipais","22":"tag-portugal","23":"tag-principais-noticias","24":"tag-principaisnoticias","25":"tag-pt","26":"tag-top-stories","27":"tag-topstories","28":"tag-ultimas","29":"tag-ultimas-noticias","30":"tag-ultimasnoticias","31":"tag-viseu"},"share_on_mastodon":{"url":"https:\/\/pubeurope.com\/@pt\/115474008991222448","error":""},"_links":{"self":[{"href":"https:\/\/www.europesays.com\/pt\/wp-json\/wp\/v2\/posts\/135204","targetHints":{"allow":["GET"]}}],"collection":[{"href":"https:\/\/www.europesays.com\/pt\/wp-json\/wp\/v2\/posts"}],"about":[{"href":"https:\/\/www.europesays.com\/pt\/wp-json\/wp\/v2\/types\/post"}],"author":[{"embeddable":true,"href":"https:\/\/www.europesays.com\/pt\/wp-json\/wp\/v2\/users\/2"}],"replies":[{"embeddable":true,"href":"https:\/\/www.europesays.com\/pt\/wp-json\/wp\/v2\/comments?post=135204"}],"version-history":[{"count":0,"href":"https:\/\/www.europesays.com\/pt\/wp-json\/wp\/v2\/posts\/135204\/revisions"}],"wp:featuredmedia":[{"embeddable":true,"href":"https:\/\/www.europesays.com\/pt\/wp-json\/wp\/v2\/media\/135205"}],"wp:attachment":[{"href":"https:\/\/www.europesays.com\/pt\/wp-json\/wp\/v2\/media?parent=135204"}],"wp:term":[{"taxonomy":"category","embeddable":true,"href":"https:\/\/www.europesays.com\/pt\/wp-json\/wp\/v2\/categories?post=135204"},{"taxonomy":"post_tag","embeddable":true,"href":"https:\/\/www.europesays.com\/pt\/wp-json\/wp\/v2\/tags?post=135204"}],"curies":[{"name":"wp","href":"https:\/\/api.w.org\/{rel}","templated":true}]}}