{"id":135206,"date":"2025-11-01T10:40:11","date_gmt":"2025-11-01T10:40:11","guid":{"rendered":"https:\/\/www.europesays.com\/pt\/135206\/"},"modified":"2025-11-01T10:40:11","modified_gmt":"2025-11-01T10:40:11","slug":"angelica-rebate-rumores-e-critica-julgamento-de-mulheres","status":"publish","type":"post","link":"https:\/\/www.europesays.com\/pt\/135206\/","title":{"rendered":"Ang\u00e9lica rebate rumores e critica julgamento de mulheres"},"content":{"rendered":"<p>Ang\u00e9lica, 52, fez um desabafo contundente durante o programa &#8220;Ang\u00e9lica Ao Vivo&#8221;, exibido nesta quinta-feira (30) no GNT, ap\u00f3s ver seu nome envolvido em rumores sobre uma suposta harmoniza\u00e7\u00e3o facial. Ela apresentadora lamentou os coment\u00e1rios e destacou o quanto \u00e9 inc\u00f4modo ser alvo de especula\u00e7\u00f5es.<\/p>\n<p>A apresentadora come\u00e7ou contando o que a incomoda demais nos \u00faltimos tempos: a agressividade online. &#8220;Tem gente que parece hater profissional. Fiquei sabendo pelas redes sociais que eu tinha feito harmoniza\u00e7\u00e3o facial. Pois \u00e9, vou aproveitar para falar disso&#8221;, disse ela, ao lado de Xuxa Meneghel, 62, e Milton Cunha, 63, convidados da edi\u00e7\u00e3o.<\/p>\n<p>Ang\u00e9lica negou o procedimento e aproveitou para refletir sobre o julgamento constante enfrentado pelas mulheres, especialmente as de sua faixa et\u00e1ria. &#8220;N\u00e3o, eu n\u00e3o fiz. Poderia ter feito, por que n\u00e3o? Sou uma mulher de 52 anos, com o privil\u00e9gio de poder me cuidar, e n\u00e3o escondo isso de ningu\u00e9m. O que me espanta \u00e9 abrir as redes e ver, todo santo dia, mulher sendo analisada&#8221;, afirmou, visivelmente incomodada.<\/p>\n<p>A mulher de Luciano Huck, 54, refor\u00e7ou que sua fala vai al\u00e9m do caso pessoal: &#8220;Eu n\u00e3o sou um produto de prateleira. Estou falando de um grupo inteiro de mulheres da minha idade que trabalha, paga conta, cria filho, sustenta fam\u00edlia e \u00e9 julgada o tempo todo.&#8221;<br \/>Por fim, Ang\u00e9lica criticou o duplo padr\u00e3o imposto \u00e0 apar\u00eancia feminina: &#8220;Ou voc\u00ea \u00e9 criticada porque envelheceu, ou porque n\u00e3o est\u00e1 t\u00e3o velha quanto as pessoas esperam. Isso \u00e9 um saco. Pronto, desabafei.&#8221; O coment\u00e1rio foi recebido com aplausos da plateia e dos convidados da atra\u00e7\u00e3o do canal pago da Globo.<\/p>\n","protected":false},"excerpt":{"rendered":"Ang\u00e9lica, 52, fez um desabafo contundente durante o programa &#8220;Ang\u00e9lica Ao Vivo&#8221;, exibido nesta quinta-feira (30) no GNT,&hellip;\n","protected":false},"author":2,"featured_media":121078,"comment_status":"","ping_status":"","sticky":false,"template":"","format":"standard","meta":{"footnotes":""},"categories":[145],"tags":[13885,211,210,114,115,4346,1168,2623,32,33],"class_list":{"0":"post-135206","1":"post","2":"type-post","3":"status-publish","4":"format-standard","5":"has-post-thumbnail","7":"category-celebridades","8":"tag-angelica","9":"tag-celebridades","10":"tag-celebrities","11":"tag-entertainment","12":"tag-entretenimento","13":"tag-gnt","14":"tag-harmonizacao-facial","15":"tag-mulheres","16":"tag-portugal","17":"tag-pt"},"share_on_mastodon":{"url":"https:\/\/pubeurope.com\/@pt\/115474020604920820","error":""},"_links":{"self":[{"href":"https:\/\/www.europesays.com\/pt\/wp-json\/wp\/v2\/posts\/135206","targetHints":{"allow":["GET"]}}],"collection":[{"href":"https:\/\/www.europesays.com\/pt\/wp-json\/wp\/v2\/posts"}],"about":[{"href":"https:\/\/www.europesays.com\/pt\/wp-json\/wp\/v2\/types\/post"}],"author":[{"embeddable":true,"href":"https:\/\/www.europesays.com\/pt\/wp-json\/wp\/v2\/users\/2"}],"replies":[{"embeddable":true,"href":"https:\/\/www.europesays.com\/pt\/wp-json\/wp\/v2\/comments?post=135206"}],"version-history":[{"count":0,"href":"https:\/\/www.europesays.com\/pt\/wp-json\/wp\/v2\/posts\/135206\/revisions"}],"wp:featuredmedia":[{"embeddable":true,"href":"https:\/\/www.europesays.com\/pt\/wp-json\/wp\/v2\/media\/121078"}],"wp:attachment":[{"href":"https:\/\/www.europesays.com\/pt\/wp-json\/wp\/v2\/media?parent=135206"}],"wp:term":[{"taxonomy":"category","embeddable":true,"href":"https:\/\/www.europesays.com\/pt\/wp-json\/wp\/v2\/categories?post=135206"},{"taxonomy":"post_tag","embeddable":true,"href":"https:\/\/www.europesays.com\/pt\/wp-json\/wp\/v2\/tags?post=135206"}],"curies":[{"name":"wp","href":"https:\/\/api.w.org\/{rel}","templated":true}]}}