{"id":135220,"date":"2025-11-01T10:57:16","date_gmt":"2025-11-01T10:57:16","guid":{"rendered":"https:\/\/www.europesays.com\/pt\/135220\/"},"modified":"2025-11-01T10:57:16","modified_gmt":"2025-11-01T10:57:16","slug":"seis-pessoas-assistidas-por-inalacao-de-fumo-apos-incendio-em-automovel","status":"publish","type":"post","link":"https:\/\/www.europesays.com\/pt\/135220\/","title":{"rendered":"Seis pessoas assistidas por inala\u00e7\u00e3o de fumo ap\u00f3s inc\u00eandio em autom\u00f3vel"},"content":{"rendered":"<p data-remotead-prev-elm=\"true\" data-remotead-elm-id=\"inread\">Ao JN, o comandante dos Bombeiros Volunt\u00e1rios de Braga, Pedro Ribeiro, revelou que as v\u00edtimas &#8220;j\u00e1 se encontram bem, mas dentro de cerca de uma hora ser\u00e3o reavaliados&#8221;.<\/p>\n<p>O autom\u00f3vel entrou em combust\u00e3o, largado bastante fumo, o que levou \u00e0 pronta interven\u00e7\u00e3o de dois operacionais dos Bombeiros Volunt\u00e1rios de Braga que se encontravam por perto em servi\u00e7o. De seguida, dois elementos da seguran\u00e7a do Hospital Central de Braga, mais um agente da Pol\u00edcia de Seguran\u00e7a P\u00fablica, apoiados por um civil, envolveram-se tamb\u00e9m no combate ao fogo, evitando que o inc\u00eandio se propagasse a outros autom\u00f3veis.<\/p>\n<p>Os Bombeiros Sapadores de Braga chegaram poucos minutos depois, apoiados em viaturas de combate a inc\u00eandios urbanos, para prestar aux\u00edlio aos operacionais que tentavam combater as chamas.<\/p>\n","protected":false},"excerpt":{"rendered":"Ao JN, o comandante dos Bombeiros Volunt\u00e1rios de Braga, Pedro Ribeiro, revelou que as v\u00edtimas &#8220;j\u00e1 se encontram&hellip;\n","protected":false},"author":2,"featured_media":135221,"comment_status":"","ping_status":"","sticky":false,"template":"","format":"standard","meta":{"footnotes":""},"categories":[10],"tags":[27,28,3981,22615,15,16,14,625,25,26,21,22,12,13,19,20,32,23,24,33,17,18,29,30,31],"class_list":{"0":"post-135220","1":"post","2":"type-post","3":"status-publish","4":"format-standard","5":"has-post-thumbnail","7":"category-portugal","8":"tag-breaking-news","9":"tag-breakingnews","10":"tag-carro","11":"tag-concelho-braga","12":"tag-featured-news","13":"tag-featurednews","14":"tag-headlines","15":"tag-incendio","16":"tag-latest-news","17":"tag-latestnews","18":"tag-main-news","19":"tag-mainnews","20":"tag-news","21":"tag-noticias","22":"tag-noticias-principais","23":"tag-noticiasprincipais","24":"tag-portugal","25":"tag-principais-noticias","26":"tag-principaisnoticias","27":"tag-pt","28":"tag-top-stories","29":"tag-topstories","30":"tag-ultimas","31":"tag-ultimas-noticias","32":"tag-ultimasnoticias"},"share_on_mastodon":{"url":"https:\/\/pubeurope.com\/@pt\/115474087495258003","error":""},"_links":{"self":[{"href":"https:\/\/www.europesays.com\/pt\/wp-json\/wp\/v2\/posts\/135220","targetHints":{"allow":["GET"]}}],"collection":[{"href":"https:\/\/www.europesays.com\/pt\/wp-json\/wp\/v2\/posts"}],"about":[{"href":"https:\/\/www.europesays.com\/pt\/wp-json\/wp\/v2\/types\/post"}],"author":[{"embeddable":true,"href":"https:\/\/www.europesays.com\/pt\/wp-json\/wp\/v2\/users\/2"}],"replies":[{"embeddable":true,"href":"https:\/\/www.europesays.com\/pt\/wp-json\/wp\/v2\/comments?post=135220"}],"version-history":[{"count":0,"href":"https:\/\/www.europesays.com\/pt\/wp-json\/wp\/v2\/posts\/135220\/revisions"}],"wp:featuredmedia":[{"embeddable":true,"href":"https:\/\/www.europesays.com\/pt\/wp-json\/wp\/v2\/media\/135221"}],"wp:attachment":[{"href":"https:\/\/www.europesays.com\/pt\/wp-json\/wp\/v2\/media?parent=135220"}],"wp:term":[{"taxonomy":"category","embeddable":true,"href":"https:\/\/www.europesays.com\/pt\/wp-json\/wp\/v2\/categories?post=135220"},{"taxonomy":"post_tag","embeddable":true,"href":"https:\/\/www.europesays.com\/pt\/wp-json\/wp\/v2\/tags?post=135220"}],"curies":[{"name":"wp","href":"https:\/\/api.w.org\/{rel}","templated":true}]}}