{"id":135222,"date":"2025-11-01T10:59:12","date_gmt":"2025-11-01T10:59:12","guid":{"rendered":"https:\/\/www.europesays.com\/pt\/135222\/"},"modified":"2025-11-01T10:59:12","modified_gmt":"2025-11-01T10:59:12","slug":"vestido-de-sydney-sweeney-destaca-se-em-noite-de-gala","status":"publish","type":"post","link":"https:\/\/www.europesays.com\/pt\/135222\/","title":{"rendered":"Vestido de Sydney Sweeney destaca-se em noite de gala"},"content":{"rendered":"<p>A atriz Sydney Sweeney, nomeada duas vezes para os Emmys, marcou presen\u00e7a nos pr\u00e9mios \u201cVariety Power of Women\u201d com um vestido prateado, assinado por Christian Cowan. Para a ocasi\u00e3o, a artista escolheu uma cria\u00e7\u00e3o da cole\u00e7\u00e3o primavera\/ver\u00e3o 2026 do designer brit\u00e2nico, desenvolvida em colabora\u00e7\u00e3o com Elias Matso e escolhido pela sua stylist, Molly Dickson.\u00a0<\/p>\n<p><img loading=\"lazy\" decoding=\"async\" width=\"2560\" height=\"1614\" src=\"https:\/\/www.europesays.com\/pt\/wp-content\/uploads\/2025\/11\/20251031-Sydney-sweeney-1-scaled.jpg\" alt=\"\" class=\"wp-image-851523\"\/><\/p>\n<p>O resultado foi um dos momentos de moda mais comentados da noite, uma vez que a\u00a0 ousadia ficou patente com o tecido transparente na zona do peito, deixando o corpo aparecer.<\/p>\n<p>Segundo a MAAG, o vestido, feito num tecido totalmente coberto de cristais prateados, cintilava a cada movimento, criando um efeito quase l\u00edquido sob as luzes do evento<\/p>\n<p><img loading=\"lazy\" decoding=\"async\" width=\"2560\" height=\"1784\" src=\"https:\/\/www.europesays.com\/pt\/wp-content\/uploads\/2025\/11\/20251031-Sydney-sweeney-2-scaled.jpg\" alt=\"\" class=\"wp-image-851524\"\/><\/p>\n<p>Com um corte fluido e justo ao corpo, o modelo destacava-se pelo decote arredondado e pelas mangas curtas drapeadas, que conferiam leveza e movimento \u00e0 parte superior.\u00a0<\/p>\n<p>Na zona da cintura, um subtil jogo de franzidos criava um efeito torcido que acentuava a silhueta da atriz, real\u00e7ando as curvas sem perder a eleg\u00e2ncia.\u00a0<\/p>\n<p>Os \u201cVariety Power of Women\u201d s\u00e3o um evento que celebra figuras femininas que fazem a diferen\u00e7a na ind\u00fastria do entretenimento e em causas sociais.<\/p>\n<p><img decoding=\"async\" loading=\"lazy\" width=\"2560\" height=\"1714\" src=\"https:\/\/www.europesays.com\/pt\/wp-content\/uploads\/2025\/11\/20251031-Sydney-sweeney-3-scaled.jpg\" alt=\"\" class=\"wp-image-851525\"\/><\/p>\n","protected":false},"excerpt":{"rendered":"A atriz Sydney Sweeney, nomeada duas vezes para os Emmys, marcou presen\u00e7a nos pr\u00e9mios \u201cVariety Power of Women\u201d&hellip;\n","protected":false},"author":2,"featured_media":135223,"comment_status":"","ping_status":"","sticky":false,"template":"","format":"standard","meta":{"footnotes":""},"categories":[145],"tags":[211,210,114,115,32,33,4165],"class_list":{"0":"post-135222","1":"post","2":"type-post","3":"status-publish","4":"format-standard","5":"has-post-thumbnail","7":"category-celebridades","8":"tag-celebridades","9":"tag-celebrities","10":"tag-entertainment","11":"tag-entretenimento","12":"tag-portugal","13":"tag-pt","14":"tag-sydney-sweeney"},"share_on_mastodon":{"url":"https:\/\/pubeurope.com\/@pt\/115474095511144584","error":""},"_links":{"self":[{"href":"https:\/\/www.europesays.com\/pt\/wp-json\/wp\/v2\/posts\/135222","targetHints":{"allow":["GET"]}}],"collection":[{"href":"https:\/\/www.europesays.com\/pt\/wp-json\/wp\/v2\/posts"}],"about":[{"href":"https:\/\/www.europesays.com\/pt\/wp-json\/wp\/v2\/types\/post"}],"author":[{"embeddable":true,"href":"https:\/\/www.europesays.com\/pt\/wp-json\/wp\/v2\/users\/2"}],"replies":[{"embeddable":true,"href":"https:\/\/www.europesays.com\/pt\/wp-json\/wp\/v2\/comments?post=135222"}],"version-history":[{"count":0,"href":"https:\/\/www.europesays.com\/pt\/wp-json\/wp\/v2\/posts\/135222\/revisions"}],"wp:featuredmedia":[{"embeddable":true,"href":"https:\/\/www.europesays.com\/pt\/wp-json\/wp\/v2\/media\/135223"}],"wp:attachment":[{"href":"https:\/\/www.europesays.com\/pt\/wp-json\/wp\/v2\/media?parent=135222"}],"wp:term":[{"taxonomy":"category","embeddable":true,"href":"https:\/\/www.europesays.com\/pt\/wp-json\/wp\/v2\/categories?post=135222"},{"taxonomy":"post_tag","embeddable":true,"href":"https:\/\/www.europesays.com\/pt\/wp-json\/wp\/v2\/tags?post=135222"}],"curies":[{"name":"wp","href":"https:\/\/api.w.org\/{rel}","templated":true}]}}