{"id":135267,"date":"2025-11-01T11:39:26","date_gmt":"2025-11-01T11:39:26","guid":{"rendered":"https:\/\/www.europesays.com\/pt\/135267\/"},"modified":"2025-11-01T11:39:26","modified_gmt":"2025-11-01T11:39:26","slug":"calculos-eleitorais-o-aviso-de-passos-coelho-ao-governo-ad","status":"publish","type":"post","link":"https:\/\/www.europesays.com\/pt\/135267\/","title":{"rendered":"&#8220;C\u00e1lculos eleitorais&#8221;. O aviso de Passos Coelho ao Governo AD"},"content":{"rendered":"<p>                O antigo primeiro-ministro aponta os <b>&#8220;pr\u00e9mios a reformados&#8221; e as &#8220;habilidades or\u00e7amentais para salvar o ano&#8221;<\/b>.<\/p>\n<p>Palavras do ex-l\u00edder do PSD esta sexta-feira, em Lisboa, numa interven\u00e7\u00e3o enquanto orador no Congresso Internacional do Cooperativismo.<\/p>\n<p>Pedro Passos Coelho avisa que a <b>margem de manobra para tomar decis\u00f5es terminou<\/b> e que o pa\u00eds n\u00e3o pode viver de c\u00e1lculos eleitorais.<\/p>\n<p>          <img decoding=\"async\" itemprop=\"image\" class=\"img-fluid\"   src=\"https:\/\/www.europesays.com\/pt\/wp-content\/uploads\/2025\/11\/bg_playeraudio_4.jpg\"\/><\/p>\n<p>O antigo primeiro-ministro assegurou nunca ter temido o julgamento eleitoral.<\/p>\n<p>No Congresso Internacional do Cooperativismo, Passos Coelho defendeu tamb\u00e9m que os eleitores v\u00e3o perceber a necessidade de <b>apostar num caminho diferente<\/b>. <\/p>\n","protected":false},"excerpt":{"rendered":"O antigo primeiro-ministro aponta os &#8220;pr\u00e9mios a reformados&#8221; e as &#8220;habilidades or\u00e7amentais para salvar o ano&#8221;. Palavras do&hellip;\n","protected":false},"author":2,"featured_media":135268,"comment_status":"","ping_status":"","sticky":false,"template":"","format":"standard","meta":{"footnotes":""},"categories":[83],"tags":[88,89,90,13,32,33,420,421],"class_list":{"0":"post-135267","1":"post","2":"type-post","3":"status-publish","4":"format-standard","5":"has-post-thumbnail","7":"category-empresas","8":"tag-business","9":"tag-economy","10":"tag-empresas","11":"tag-noticias","12":"tag-portugal","13":"tag-pt","14":"tag-rtp","15":"tag-rtp-noticias"},"share_on_mastodon":{"url":"https:\/\/pubeurope.com\/@pt\/115474253019490607","error":""},"_links":{"self":[{"href":"https:\/\/www.europesays.com\/pt\/wp-json\/wp\/v2\/posts\/135267","targetHints":{"allow":["GET"]}}],"collection":[{"href":"https:\/\/www.europesays.com\/pt\/wp-json\/wp\/v2\/posts"}],"about":[{"href":"https:\/\/www.europesays.com\/pt\/wp-json\/wp\/v2\/types\/post"}],"author":[{"embeddable":true,"href":"https:\/\/www.europesays.com\/pt\/wp-json\/wp\/v2\/users\/2"}],"replies":[{"embeddable":true,"href":"https:\/\/www.europesays.com\/pt\/wp-json\/wp\/v2\/comments?post=135267"}],"version-history":[{"count":0,"href":"https:\/\/www.europesays.com\/pt\/wp-json\/wp\/v2\/posts\/135267\/revisions"}],"wp:featuredmedia":[{"embeddable":true,"href":"https:\/\/www.europesays.com\/pt\/wp-json\/wp\/v2\/media\/135268"}],"wp:attachment":[{"href":"https:\/\/www.europesays.com\/pt\/wp-json\/wp\/v2\/media?parent=135267"}],"wp:term":[{"taxonomy":"category","embeddable":true,"href":"https:\/\/www.europesays.com\/pt\/wp-json\/wp\/v2\/categories?post=135267"},{"taxonomy":"post_tag","embeddable":true,"href":"https:\/\/www.europesays.com\/pt\/wp-json\/wp\/v2\/tags?post=135267"}],"curies":[{"name":"wp","href":"https:\/\/api.w.org\/{rel}","templated":true}]}}