{"id":135277,"date":"2025-11-01T11:49:14","date_gmt":"2025-11-01T11:49:14","guid":{"rendered":"https:\/\/www.europesays.com\/pt\/135277\/"},"modified":"2025-11-01T11:49:14","modified_gmt":"2025-11-01T11:49:14","slug":"gyokeres-suarez-ioannidis-e-os-outros-sporting-detalha-mercado-de-verao","status":"publish","type":"post","link":"https:\/\/www.europesays.com\/pt\/135277\/","title":{"rendered":"Gy\u00f6keres, Su\u00e1rez, Ioannidis e os outros: Sporting detalha mercado de ver\u00e3o"},"content":{"rendered":"<p style=\"margin-bottom:11px\">Os n\u00fameros oficiais, partilhados pela SAD do Sporting, confirmam que a \u00faltima janela de mercado fez movimentar muitos milh\u00f5es, tanto em entradas como em sa\u00eddas, por Alvalade.<\/p>\n<p>Os investimentos superaram os 74 milh\u00f5es de euros, excluindo b\u00f3nus acordados. Luis Su\u00e1rez, que trocou o Almeria pelo Sporting por 22,157 milh\u00f5es de euros (com outros 5,26 milh\u00f5es dependentes de objetivos), foi o refor\u00e7o mais caro, mas n\u00e3o por muito, pois Fotis Ioannidis custou 22 milh\u00f5es de euros (mais tr\u00eas milh\u00f5es por objetivos), vindo do Panathinaikos.<\/p>\n<p><a href=\"https:\/\/maisfutebol.iol.pt\/sporting\/mercado-de-transferencias\/oficial-georgios-vagiannidis-reforca-defesa-do-sporting\" target=\"_blank\" rel=\"nofollow noopener\">Do clube grego chegou ainda Georgios Vagiannidis<\/a>, que se tornou no lateral mais caro da hist\u00f3ria do clube (12 milh\u00f5es pagos \u00e0 cabe\u00e7a, mais 2,5 milh\u00f5es em objetivos).<\/p>\n<p>Nota ainda para a <a href=\"https:\/\/maisfutebol.iol.pt\/sporting\/mercado\/oficial-sporting-compra-totalidade-do-passe-de-trincao-ao-barcelona\" target=\"_blank\" rel=\"nofollow noopener\">compra da totalidade do passe de Francisco Trinc\u00e3o ao Barcelona<\/a>, por 11 milh\u00f5es de euros. Por outro lado, a SAD sportinguista investiu 2,25 milh\u00f5es, repartidos entre Amora e Black Bulls, para passar a deter 75 por cento do passe de Geny Catamo.<\/p>\n<p style=\"margin-bottom:11px\"><img loading=\"lazy\" decoding=\"async\" alt=\"\" height=\"637\" src=\"https:\/\/www.europesays.com\/pt\/wp-content\/uploads\/2025\/11\/1761997753_847_1000.webp\" width=\"1000\"\/><\/p>\n<p style=\"margin-bottom:11px\"><img loading=\"lazy\" decoding=\"async\" alt=\"\" height=\"145\" src=\"https:\/\/www.europesays.com\/pt\/wp-content\/uploads\/2025\/11\/1761997753_365_1000.webp\" width=\"1000\"\/><\/p>\n<p style=\"margin-bottom:11px\">O forte investimento no plantel foi respaldado pelos mais de 100 milh\u00f5es de euros arrecadados em vendas, aos quais se podem vir a somar outros 19,5 milh\u00f5es em b\u00f3nus.<\/p>\n<p>Viktor Gy\u00f6keres, vendido ao Arsenal por 65,76 milh\u00f5es de euros (mais 10,26 milh\u00f5es em objetivos), \u00e9 respons\u00e1vel por mais de metade desse valor. Seguem-se-lhe Conrad Harder e Marcus Edwards, que se mudaram para o Leipzig e o Burnley, respetivamente.<\/p>\n<p style=\"margin-bottom:11px\"><img loading=\"lazy\" decoding=\"async\" alt=\"\" height=\"364\" src=\"https:\/\/www.europesays.com\/pt\/wp-content\/uploads\/2025\/11\/1761997753_972_1000.webp\" width=\"1000\"\/><\/p>\n<p style=\"margin-bottom:11px\">Nota ainda para o facto de as ced\u00eancias tempor\u00e1rias terem rendido mais 175 mil euros aos cofres do Sporting.<\/p>\n<p style=\"margin-bottom:11px\"><img loading=\"lazy\" decoding=\"async\" alt=\"\" height=\"163\" src=\"https:\/\/www.europesays.com\/pt\/wp-content\/uploads\/2025\/11\/1761997754_709_1000.webp\" width=\"1000\"\/><\/p>\n<p style=\"margin-bottom:11px\"><img loading=\"lazy\" decoding=\"async\" alt=\"\" height=\"113\" src=\"https:\/\/www.europesays.com\/pt\/wp-content\/uploads\/2025\/11\/1761997754_192_1000.webp\" width=\"1000\"\/><\/p>\n","protected":false},"excerpt":{"rendered":"Os n\u00fameros oficiais, partilhados pela SAD do Sporting, confirmam que a \u00faltima janela de mercado fez movimentar muitos&hellip;\n","protected":false},"author":2,"featured_media":135278,"comment_status":"","ping_status":"","sticky":false,"template":"","format":"standard","meta":{"footnotes":""},"categories":[87],"tags":[4929,11562,135,524,12256,39,1356,46,42,41,32,33,47,34,18481,134,1355],"class_list":{"0":"post-135277","1":"post","2":"type-post","3":"status-publish","4":"format-standard","5":"has-post-thumbnail","7":"category-desporto","8":"tag-conrad-harder","9":"tag-contas","10":"tag-desporto","11":"tag-futebol","12":"tag-ioannidis","13":"tag-luis-suarez","14":"tag-mais-futebol","15":"tag-maisfutebol","16":"tag-mercado","17":"tag-mercado-de-transferencias","18":"tag-portugal","19":"tag-pt","20":"tag-pura-paixao","21":"tag-sporting","22":"tag-sporting-sad","23":"tag-sports","24":"tag-viktor-gyokeres"},"share_on_mastodon":{"url":"https:\/\/pubeurope.com\/@pt\/115474292275146731","error":""},"_links":{"self":[{"href":"https:\/\/www.europesays.com\/pt\/wp-json\/wp\/v2\/posts\/135277","targetHints":{"allow":["GET"]}}],"collection":[{"href":"https:\/\/www.europesays.com\/pt\/wp-json\/wp\/v2\/posts"}],"about":[{"href":"https:\/\/www.europesays.com\/pt\/wp-json\/wp\/v2\/types\/post"}],"author":[{"embeddable":true,"href":"https:\/\/www.europesays.com\/pt\/wp-json\/wp\/v2\/users\/2"}],"replies":[{"embeddable":true,"href":"https:\/\/www.europesays.com\/pt\/wp-json\/wp\/v2\/comments?post=135277"}],"version-history":[{"count":0,"href":"https:\/\/www.europesays.com\/pt\/wp-json\/wp\/v2\/posts\/135277\/revisions"}],"wp:featuredmedia":[{"embeddable":true,"href":"https:\/\/www.europesays.com\/pt\/wp-json\/wp\/v2\/media\/135278"}],"wp:attachment":[{"href":"https:\/\/www.europesays.com\/pt\/wp-json\/wp\/v2\/media?parent=135277"}],"wp:term":[{"taxonomy":"category","embeddable":true,"href":"https:\/\/www.europesays.com\/pt\/wp-json\/wp\/v2\/categories?post=135277"},{"taxonomy":"post_tag","embeddable":true,"href":"https:\/\/www.europesays.com\/pt\/wp-json\/wp\/v2\/tags?post=135277"}],"curies":[{"name":"wp","href":"https:\/\/api.w.org\/{rel}","templated":true}]}}