{"id":135287,"date":"2025-11-01T12:00:42","date_gmt":"2025-11-01T12:00:42","guid":{"rendered":"https:\/\/www.europesays.com\/pt\/135287\/"},"modified":"2025-11-01T12:00:42","modified_gmt":"2025-11-01T12:00:42","slug":"vereadores-do-ps-acusam-autarca-da-trofa-de-nao-dialogar","status":"publish","type":"post","link":"https:\/\/www.europesays.com\/pt\/135287\/","title":{"rendered":"Vereadores do PS acusam autarca da Trofa de n\u00e3o dialogar"},"content":{"rendered":"<p data-remotead-prev-elm=\"true\" data-remotead-elm-id=\"inread\">Os outros dois membros da oposi\u00e7\u00e3o, eleitos pelo movimento independente A Trofa \u00e9 de Todos, tamb\u00e9m se opuseram \u00e0 proposta, que acabou chumbada uma vez que a coliga\u00e7\u00e3o que ganhou a c\u00e2mara n\u00e3o det\u00e9m maioria.<\/p>\n<p>Lembrando que os trofenses &#8220;conferiram \u00e0 coliga\u00e7\u00e3o Trofa em Primeiro uma importante responsabilidade ao eleger dois vereadores para o executivo municipal&#8221;, os socialistas Amadeu Dias e Lu\u00eds Cameir\u00e3o asseguram estarem dispon\u00edveis para dialogar, algo que lamentam que n\u00e3o tenha sido feito pelo presidente eleito pela coliga\u00e7\u00e3o Unidos pela Trofa, o social-democrata S\u00e9rgio Ara\u00fajo.<\/p>\n<p>&#8220;A proposta de delega\u00e7\u00e3o de compet\u00eancias n\u00e3o foi antecipadamente debatida com nenhum dos dois vereadores socialistas, como seria normal e desej\u00e1vel que acontecesse, dada a inexist\u00eancia de maiorias no \u00f3rg\u00e3o&#8221;, justificam, num comunicado em que respondem \u00e0s declara\u00e7\u00f5es do presidente da C\u00e2mara. Recorde-se que S\u00e9rgio Ara\u00fajo disse querer dialogar e afirmou que a decis\u00e3o da oposi\u00e7\u00e3o, na reuni\u00e3o de C\u00e2mara desta quarta-feira, &#8220;vai atrasar projetos, obras e processos essenciais, afetando o funcionamento dos servi\u00e7os municipais, e consequentemente, a vida dos trofenses&#8221;.<\/p>\n<p data-remotead-prev-elm=\"true\" data-remotead-elm-id=\"centro1\">No mesmo comunicado, Amadeu Dias e Lu\u00eds Cameir\u00e3o sublinham que, &#8220;com a n\u00e3o aprova\u00e7\u00e3o da proposta de delega\u00e7\u00e3o de compet\u00eancias, as fun\u00e7\u00f5es executivas permanecer\u00e3o na C\u00e2mara Municipal, estando assim garantida a governabilidade. O presidente tem as suas compet\u00eancias, e mant\u00e9m-nas intactas, e a C\u00e2mara Municipal no seu conjunto tem as suas&#8221;.<\/p>\n<p>Os vereadores do PS garantem ainda que est\u00e3o &#8220;totalmente dispon\u00edveis para o di\u00e1logo construtivo, convictos de que apenas atrav\u00e9s da colabora\u00e7\u00e3o entre todos os eleitos ser\u00e1 poss\u00edvel garantir a estabilidade e o progresso que os trofenses merecem&#8221;.<\/p>\n","protected":false},"excerpt":{"rendered":"Os outros dois membros da oposi\u00e7\u00e3o, eleitos pelo movimento independente A Trofa \u00e9 de Todos, tamb\u00e9m se opuseram&hellip;\n","protected":false},"author":2,"featured_media":135288,"comment_status":"","ping_status":"","sticky":false,"template":"","format":"standard","meta":{"footnotes":""},"categories":[10],"tags":[27,28,21351,15,16,14,25,26,21,22,12,13,19,20,32,23,24,33,17,18,29,30,31],"class_list":{"0":"post-135287","1":"post","2":"type-post","3":"status-publish","4":"format-standard","5":"has-post-thumbnail","7":"category-portugal","8":"tag-breaking-news","9":"tag-breakingnews","10":"tag-concelho-trofa","11":"tag-featured-news","12":"tag-featurednews","13":"tag-headlines","14":"tag-latest-news","15":"tag-latestnews","16":"tag-main-news","17":"tag-mainnews","18":"tag-news","19":"tag-noticias","20":"tag-noticias-principais","21":"tag-noticiasprincipais","22":"tag-portugal","23":"tag-principais-noticias","24":"tag-principaisnoticias","25":"tag-pt","26":"tag-top-stories","27":"tag-topstories","28":"tag-ultimas","29":"tag-ultimas-noticias","30":"tag-ultimasnoticias"},"share_on_mastodon":{"url":"https:\/\/pubeurope.com\/@pt\/115474335182808016","error":""},"_links":{"self":[{"href":"https:\/\/www.europesays.com\/pt\/wp-json\/wp\/v2\/posts\/135287","targetHints":{"allow":["GET"]}}],"collection":[{"href":"https:\/\/www.europesays.com\/pt\/wp-json\/wp\/v2\/posts"}],"about":[{"href":"https:\/\/www.europesays.com\/pt\/wp-json\/wp\/v2\/types\/post"}],"author":[{"embeddable":true,"href":"https:\/\/www.europesays.com\/pt\/wp-json\/wp\/v2\/users\/2"}],"replies":[{"embeddable":true,"href":"https:\/\/www.europesays.com\/pt\/wp-json\/wp\/v2\/comments?post=135287"}],"version-history":[{"count":0,"href":"https:\/\/www.europesays.com\/pt\/wp-json\/wp\/v2\/posts\/135287\/revisions"}],"wp:featuredmedia":[{"embeddable":true,"href":"https:\/\/www.europesays.com\/pt\/wp-json\/wp\/v2\/media\/135288"}],"wp:attachment":[{"href":"https:\/\/www.europesays.com\/pt\/wp-json\/wp\/v2\/media?parent=135287"}],"wp:term":[{"taxonomy":"category","embeddable":true,"href":"https:\/\/www.europesays.com\/pt\/wp-json\/wp\/v2\/categories?post=135287"},{"taxonomy":"post_tag","embeddable":true,"href":"https:\/\/www.europesays.com\/pt\/wp-json\/wp\/v2\/tags?post=135287"}],"curies":[{"name":"wp","href":"https:\/\/api.w.org\/{rel}","templated":true}]}}