{"id":135303,"date":"2025-11-01T12:14:22","date_gmt":"2025-11-01T12:14:22","guid":{"rendered":"https:\/\/www.europesays.com\/pt\/135303\/"},"modified":"2025-11-01T12:14:22","modified_gmt":"2025-11-01T12:14:22","slug":"trabalhador-da-camara-de-ferreira-do-alentejo-morre-em-acidente-num-canal-de-rega","status":"publish","type":"post","link":"https:\/\/www.europesays.com\/pt\/135303\/","title":{"rendered":"Trabalhador da C\u00e2mara de Ferreira do Alentejo morre em acidente num canal de rega"},"content":{"rendered":"<p data-remotead-prev-elm=\"true\" data-remotead-elm-id=\"inread\">O alerta para o acidente foi dado cerca das 13 horas, quando a viatura, que seguia no sentido Figueira de Cavaleiros-Ferreira do Alentejo, saiu da estrada, capotou e foi projetada para o interior de um canal de rega, ficando de rodas para o ar.<\/p>\n<p>Os dois ocupantes tiveram de ser desencarcerados. A esposa da v\u00edtima mortal, tamb\u00e9m de 52 anos, sofreu ferimentos ligeiros, tendo sido transportada para o hospital de Beja.<\/p>\n<p>No local do acidente estiveram 13 operacionais dos Bombeiros de Ferreira do Alentejo, Instituto Nacional de Emerg\u00eancia M\u00e9dica (INEM) e a viatura m\u00e9dica de emerg\u00eancia e reanima\u00e7\u00e3o (VMER) de Beja, al\u00e9m de meios da GNR.<\/p>\n<p data-remotead-prev-elm=\"true\" data-remotead-elm-id=\"centro1\"><strong>C\u00e2mara interveio no local com sinaliza\u00e7\u00e3o<\/strong><\/p>\n<p>Ao tomar conhecimento da morte do funcion\u00e1rio, o Munic\u00edpio emitiu um comunicado nas redes sociais, onde come\u00e7a por lamentar o acidente, fora de servi\u00e7o. Francisco Santana Bert\u00e3o &#8220;foi um bom funcion\u00e1rio e merece o melhor reconhecimento&#8221;, escreveu a Autarquia, acrescentando que o sinistro ocorreu num caminho agr\u00edcola de grande perigosidade. &#8220;Apesar de n\u00e3o ser camar\u00e1rio, a C\u00e2mara Municipal, no \u00e2mbito da prote\u00e7\u00e3o civil municipal, interveio no local colocando sinaliza\u00e7\u00e3o de tr\u00e2nsito adequada&#8221;, esclarece a nota.<\/p>\n<p>Apelida de &#8220;Estrada de Ningu\u00e9m&#8221;, a via onde aconteceu o acidente foi alcatroada pela Empresa de Desenvolvimento e Infraestruturas de Alqueva (EDIA), h\u00e1 cerca de 20 anos, no \u00e2mbito da interven\u00e7\u00e3o do Alqueva. No comunicado, o Munic\u00edpio presidido pelo socialista Lu\u00eds Pita Ameixa refere que &#8220;oficiou as entidades agr\u00edcolas, nomeadamente o Minist\u00e9rio da Agricultura, chamando a aten\u00e7\u00e3o da situa\u00e7\u00e3o e, inclusive, apresentou uma proposta t\u00e9cnica de interven\u00e7\u00e3o&#8221;.<\/p>\n<p data-remotead-prev-elm=\"true\" data-remotead-elm-id=\"centro2\"><strong>Obras do IP8 &#8220;criaram&#8221; uma estrada alternativa<\/strong><\/p>\n<p>Esta via deveria servir apenas para tratores agr\u00edcolas e ve\u00edculos de apoio \u00e0 agricultura, mas sempre foi utilizada, diariamente, por ve\u00edculos ligeiros e pesados. Al\u00e9m disso, com as obras em curso no IP8, entre Santa Margarida do Sado, Ferreira do Alentejo e Beja, a estrada passou a ser usada como rota alternativa por muitos condutores que procuram fugir \u00e0s paragens provocadas pelos sem\u00e1foros e constrangimentos da obra.<\/p>\n<p>Segundo relatos de moradores da zona, j\u00e1 ocorreram mais de 40 acidentes, com dezenas de feridos e v\u00edtimas mortais. No passado dia 16 de outubro, ocorreu mais um acidente no mesmo ponto cr\u00edtico. A condutora de um autom\u00f3vel n\u00e3o conseguiu fazer a curva apertada e o ve\u00edculo acabou por cair dentro do canal de rega, repetindo um cen\u00e1rio que se tornou demasiado frequente.<\/p>\n","protected":false},"excerpt":{"rendered":"O alerta para o acidente foi dado cerca das 13 horas, quando a viatura, que seguia no sentido&hellip;\n","protected":false},"author":2,"featured_media":135304,"comment_status":"","ping_status":"","sticky":false,"template":"","format":"standard","meta":{"footnotes":""},"categories":[10],"tags":[59,27,28,30398,55,15,16,14,25,26,21,22,12,13,19,20,32,23,24,33,17,18,29,30,31],"class_list":{"0":"post-135303","1":"post","2":"type-post","3":"status-publish","4":"format-standard","5":"has-post-thumbnail","7":"category-portugal","8":"tag-acidente","9":"tag-breaking-news","10":"tag-breakingnews","11":"tag-concelho-ferreira-do-alentejo","12":"tag-despiste","13":"tag-featured-news","14":"tag-featurednews","15":"tag-headlines","16":"tag-latest-news","17":"tag-latestnews","18":"tag-main-news","19":"tag-mainnews","20":"tag-news","21":"tag-noticias","22":"tag-noticias-principais","23":"tag-noticiasprincipais","24":"tag-portugal","25":"tag-principais-noticias","26":"tag-principaisnoticias","27":"tag-pt","28":"tag-top-stories","29":"tag-topstories","30":"tag-ultimas","31":"tag-ultimas-noticias","32":"tag-ultimasnoticias"},"share_on_mastodon":{"url":"https:\/\/pubeurope.com\/@pt\/115474390258505672","error":""},"_links":{"self":[{"href":"https:\/\/www.europesays.com\/pt\/wp-json\/wp\/v2\/posts\/135303","targetHints":{"allow":["GET"]}}],"collection":[{"href":"https:\/\/www.europesays.com\/pt\/wp-json\/wp\/v2\/posts"}],"about":[{"href":"https:\/\/www.europesays.com\/pt\/wp-json\/wp\/v2\/types\/post"}],"author":[{"embeddable":true,"href":"https:\/\/www.europesays.com\/pt\/wp-json\/wp\/v2\/users\/2"}],"replies":[{"embeddable":true,"href":"https:\/\/www.europesays.com\/pt\/wp-json\/wp\/v2\/comments?post=135303"}],"version-history":[{"count":0,"href":"https:\/\/www.europesays.com\/pt\/wp-json\/wp\/v2\/posts\/135303\/revisions"}],"wp:featuredmedia":[{"embeddable":true,"href":"https:\/\/www.europesays.com\/pt\/wp-json\/wp\/v2\/media\/135304"}],"wp:attachment":[{"href":"https:\/\/www.europesays.com\/pt\/wp-json\/wp\/v2\/media?parent=135303"}],"wp:term":[{"taxonomy":"category","embeddable":true,"href":"https:\/\/www.europesays.com\/pt\/wp-json\/wp\/v2\/categories?post=135303"},{"taxonomy":"post_tag","embeddable":true,"href":"https:\/\/www.europesays.com\/pt\/wp-json\/wp\/v2\/tags?post=135303"}],"curies":[{"name":"wp","href":"https:\/\/api.w.org\/{rel}","templated":true}]}}