{"id":135315,"date":"2025-11-01T12:36:31","date_gmt":"2025-11-01T12:36:31","guid":{"rendered":"https:\/\/www.europesays.com\/pt\/135315\/"},"modified":"2025-11-01T12:36:31","modified_gmt":"2025-11-01T12:36:31","slug":"como-um-problema-de-matematica-pode-ajudar-a-resolver-o-roubo-das-joias-do-louvre","status":"publish","type":"post","link":"https:\/\/www.europesays.com\/pt\/135315\/","title":{"rendered":"Como um problema de matem\u00e1tica pode ajudar a resolver o roubo das joias do Louvre"},"content":{"rendered":"\n<p class=\" content-text__container \" data-track-category=\"Link no Texto\" data-track-links=\"\"> Segundo a teoria, at\u00e9 mesmo estruturas complexas, com formas irregulares, podem ser totalmente monitoradas com planejamento geom\u00e9trico. \u201cEncontrar os pontos de vista certos \u00e9 essencial\u201d, explicam especialistas em seguran\u00e7a. No caso do Louvre, uma das poucas c\u00e2meras externas estava voltada para o \u00e2ngulo errado, e um ter\u00e7o das salas da ala Denon \u2014 onde ocorreu o roubo \u2014 n\u00e3o tinha vigil\u00e2ncia. <\/p>\n","protected":false},"excerpt":{"rendered":"Segundo a teoria, at\u00e9 mesmo estruturas complexas, com formas irregulares, podem ser totalmente monitoradas com planejamento geom\u00e9trico. \u201cEncontrar&hellip;\n","protected":false},"author":2,"featured_media":135316,"comment_status":"","ping_status":"","sticky":false,"template":"","format":"standard","meta":{"footnotes":""},"categories":[144],"tags":[207,205,206,203,201,202,204,114,115,319,32,33,318],"class_list":{"0":"post-135315","1":"post","2":"type-post","3":"status-publish","4":"format-standard","5":"has-post-thumbnail","7":"category-arte-e-design","8":"tag-arte","9":"tag-arte-e-design","10":"tag-artedesign","11":"tag-arts","12":"tag-arts-and-design","13":"tag-artsanddesign","14":"tag-design","15":"tag-entertainment","16":"tag-entretenimento","17":"tag-hard-news","18":"tag-portugal","19":"tag-pt","20":"tag-radar"},"share_on_mastodon":{"url":"https:\/\/pubeurope.com\/@pt\/115474476780080255","error":""},"_links":{"self":[{"href":"https:\/\/www.europesays.com\/pt\/wp-json\/wp\/v2\/posts\/135315","targetHints":{"allow":["GET"]}}],"collection":[{"href":"https:\/\/www.europesays.com\/pt\/wp-json\/wp\/v2\/posts"}],"about":[{"href":"https:\/\/www.europesays.com\/pt\/wp-json\/wp\/v2\/types\/post"}],"author":[{"embeddable":true,"href":"https:\/\/www.europesays.com\/pt\/wp-json\/wp\/v2\/users\/2"}],"replies":[{"embeddable":true,"href":"https:\/\/www.europesays.com\/pt\/wp-json\/wp\/v2\/comments?post=135315"}],"version-history":[{"count":0,"href":"https:\/\/www.europesays.com\/pt\/wp-json\/wp\/v2\/posts\/135315\/revisions"}],"wp:featuredmedia":[{"embeddable":true,"href":"https:\/\/www.europesays.com\/pt\/wp-json\/wp\/v2\/media\/135316"}],"wp:attachment":[{"href":"https:\/\/www.europesays.com\/pt\/wp-json\/wp\/v2\/media?parent=135315"}],"wp:term":[{"taxonomy":"category","embeddable":true,"href":"https:\/\/www.europesays.com\/pt\/wp-json\/wp\/v2\/categories?post=135315"},{"taxonomy":"post_tag","embeddable":true,"href":"https:\/\/www.europesays.com\/pt\/wp-json\/wp\/v2\/tags?post=135315"}],"curies":[{"name":"wp","href":"https:\/\/api.w.org\/{rel}","templated":true}]}}