{"id":135323,"date":"2025-11-01T12:44:17","date_gmt":"2025-11-01T12:44:17","guid":{"rendered":"https:\/\/www.europesays.com\/pt\/135323\/"},"modified":"2025-11-01T12:44:17","modified_gmt":"2025-11-01T12:44:17","slug":"cometa-3i-atlas-visivel-no-ceu-e-chuva-de-meteoros","status":"publish","type":"post","link":"https:\/\/www.europesays.com\/pt\/135323\/","title":{"rendered":"Cometa 3I\/ATLAS vis\u00edvel no c\u00e9u e chuva de meteoros"},"content":{"rendered":"<p>Do cometa 3I\/ATLAS \u00e0s Le\u00f4nidas: saiba quando e para onde olhar para acompanhar os destaques de novembro<\/p>\n<p><img decoding=\"async\" src=\"https:\/\/www.europesays.com\/pt\/wp-content\/uploads\/2025\/11\/3iatlas-perilio-1920x1080.jpeg\" class=\"attachment-banner size-banner\" alt=\"3iatlas-perilio-1920x1080\" loading=\"eager\" fetchpriority=\"high\" width=\"1920\" height=\"1080\"\/><br \/>\n\t\t\tRepresenta\u00e7\u00e3o art\u00edstica do cometa 3I\/ATLAS se aproximando do Sol. Cr\u00e9dito: Imagem gerada por IA\/Gemini<\/p>\n<p>Compartilhe esta mat\u00e9ria<\/p>\n<p>Novembro chegou e, com ele, o <a href=\"https:\/\/olhardigital.com.br\/2025\/10\/29\/ciencia-e-espaco\/visitante-interestelar-3i-atlas-passou-pelo-sol-e-agora\/\" rel=\"nofollow noopener\" target=\"_blank\">cometa\u00a0<\/a><strong>3I\/ATLAS<\/strong>\u00a0volta a <a href=\"https:\/\/olhardigital.com.br\/2025\/10\/27\/ciencia-e-espaco\/entenda-o-silencio-da-nasa-sobre-o-visitante-interestelar-3i-atlas\/\" rel=\"nofollow noopener\" target=\"_blank\">ficar vis\u00edvel no c\u00e9u<\/a>, afastando-se do Sol. O m\u00eas tamb\u00e9m ter\u00e1 uma chuva de meteoros imperd\u00edvel e a oposi\u00e7\u00e3o de Urano. Confira esses e outros eventos no Calend\u00e1rio Astron\u00f4mico de novembro do <strong>Olhar Digital<\/strong>.<\/p>\n<p>Veja nosso<strong>\u00a0Calend\u00e1rio Astron\u00f4mico de <\/strong>novembro com os eventos mais importantes. Lembramos que todas as datas, hor\u00e1rios e refer\u00eancias geogr\u00e1ficas consideram um observador baseado em Bras\u00edlia e podem ser ligeiramente diferentes de acordo com sua posi\u00e7\u00e3o no pa\u00eds.<\/p>\n<p><strong>Calend\u00e1rio Astron\u00f4mico de novembro<\/strong><\/p>\n<p><strong>3 de novembro:<\/strong>\u00a0O cometa\u00a0<strong>3I\/ATLAS<\/strong>\u00a0volta a ficar vis\u00edvel pouco antes do amanhecer, a 9\u00b0 acima do horizonte leste. At\u00e9 17 de novembro, ele poder\u00e1 ser visto com telesc\u00f3pios na Constela\u00e7\u00e3o de Virgem, cerca de tr\u00eas graus mais alto e aparecendo aproximadamente 10 minutos mais cedo a cada madrugada. Depois dessa data, ele desfila pela Constela\u00e7\u00e3o de Le\u00e3o.<\/p>\n<p><img loading=\"lazy\" decoding=\"async\" width=\"1024\" height=\"683\" src=\"https:\/\/www.europesays.com\/pt\/wp-content\/uploads\/2025\/11\/3i-atlas-terra-coliso-1024x683.jpeg\" alt=\"\" class=\"wp-image-1209422\"  \/>Especula-se que o cometa 3I\/ATLAS possa atingir a Terra, mas n\u00e3o \u00e9 isso que a ci\u00eancia prev\u00ea. Cr\u00e9dito: Imagem geraa por IA\/ChatGPT\/Gemini<\/p>\n<p><strong>4 de novembro:<\/strong>\u00a0Um <a href=\"https:\/\/olhardigital.com.br\/2025\/10\/18\/ciencia-e-espaco\/primeiro-lancamento-do-novo-foguete-ariane-6-e-adiado\/\" rel=\"nofollow noopener\" target=\"_blank\">foguete Ariane 6<\/a>, da Arianespace, lan\u00e7ar\u00e1 o sat\u00e9lite Sentinel-1D em uma \u00f3rbita helioss\u00edncrona.<\/p>\n<p><img loading=\"lazy\" decoding=\"async\" width=\"1024\" height=\"659\" src=\"https:\/\/www.europesays.com\/pt\/wp-content\/uploads\/2025\/11\/ariane-6-1024x659.jpg\" alt=\"\" class=\"wp-image-1203061\"  \/>Foguete Ariane 6 sendo lan\u00e7ado em 12 de agosto de 2025 \u2013 estreia da nova vers\u00e3o fica para 2026. Cr\u00e9dito: Arianespace<\/p>\n<p><strong>5 de novembro:<\/strong>\u00a0Lua Cheia \u00e0s 10h20.<\/p>\n<p><strong>12 de novembro:<\/strong>\u00a0Lua Minguante \u00e0s 02h29.<\/p>\n<p><strong>17 de novembro:<\/strong>\u00a0A chuva de <a href=\"https:\/\/olhardigital.com.br\/2024\/11\/15\/ciencia-e-espaco\/chuva-de-meteoros-leonidas-atinge-o-pico-neste-fim-de-semana-veja\/\" rel=\"nofollow noopener\" target=\"_blank\">meteoros Le\u00f4nidas<\/a> atinge seu pico, produzindo at\u00e9 15 meteoros por hora.<\/p>\n<p><img loading=\"lazy\" decoding=\"async\" width=\"1024\" height=\"576\" src=\"https:\/\/www.europesays.com\/pt\/wp-content\/uploads\/2025\/11\/cometa-asteroide-2-1024x576.jpg\" alt=\"Chuva de meteoros Orion\u00eddeos no c\u00e9u ao p\u00f4r do sol \/\" class=\"wp-image-1200266\"  \/>Chuva de meteoros Orion\u00eddeos no c\u00e9u ao p\u00f4r do sol \/ Cr\u00e9dito: Nazarii_Neshcherenskyi \/ Shutterstock<\/p>\n<p><strong>20 de novembro:<\/strong>\u00a0Lua Nova \u00e0s 03h48.<\/p>\n<p><strong>21 de novembro:<\/strong>\u00a0Urano em oposi\u00e7\u00e3o<strong>.<\/strong>\u00a0O planeta estar\u00e1 em sua maior proximidade com a Terra e sua face estar\u00e1 totalmente iluminada pelo Sol. De Bras\u00edlia, ser\u00e1 vis\u00edvel entre 19h53 e 3h57.<\/p>\n<p><strong>29 de novembro:<\/strong>\u00a0Lua Crescente \u00e0s 03h59.<\/p>\n<p><strong>Leia mais:<\/strong><\/p>\n<p><strong>Em novembro, mas sem data confirmada:<\/strong><\/p>\n<p><strong>New Glenn:<\/strong>\u00a0A Blue Origin <a href=\"https:\/\/olhardigital.com.br\/2025\/01\/10\/ciencia-e-espaco\/blue-origin-adia-lancamento-do-foguete-new-glenn-saiba-nova-data\/\" rel=\"nofollow noopener\" target=\"_blank\">lan\u00e7ar\u00e1 a miss\u00e3o ESCAPADE da NASA<\/a> no segundo voo do foguete New Glenn. O lan\u00e7amento ocorrer\u00e1 no Complexo de Lan\u00e7amento 36, na Esta\u00e7\u00e3o da For\u00e7a Espacial de Cabo Canaveral, na Fl\u00f3rida. Previsto para novembro, o voo ainda n\u00e3o tem data definida.<\/p>\n<p>\t\t\t\t\t&#13;<br \/>\n\t\t\t\t\t&#13;<\/p>\n<p>Lucas Soares \u00e9 jornalista formado pela Universidade Presbiteriana Mackenzie e atualmente \u00e9 editor de ci\u00eancia e espa\u00e7o do Olhar Digital.<\/p>\n<p>\t\t\t\t&#13;<br \/>\n\t\t\t\t\t&#13;<\/p>\n","protected":false},"excerpt":{"rendered":"Do cometa 3I\/ATLAS \u00e0s Le\u00f4nidas: saiba quando e para onde olhar para acompanhar os destaques de novembro Representa\u00e7\u00e3o&hellip;\n","protected":false},"author":2,"featured_media":135324,"comment_status":"","ping_status":"","sticky":false,"template":"","format":"standard","meta":{"footnotes":""},"categories":[84],"tags":[109,107,108,32,33,105,103,104,106,110],"class_list":{"0":"post-135323","1":"post","2":"type-post","3":"status-publish","4":"format-standard","5":"has-post-thumbnail","7":"category-ciencia-e-tecnologia","8":"tag-ciencia","9":"tag-ciencia-e-tecnologia","10":"tag-cienciaetecnologia","11":"tag-portugal","12":"tag-pt","13":"tag-science","14":"tag-science-and-technology","15":"tag-scienceandtechnology","16":"tag-technology","17":"tag-tecnologia"},"share_on_mastodon":{"url":"https:\/\/pubeurope.com\/@pt\/115474508504420483","error":""},"_links":{"self":[{"href":"https:\/\/www.europesays.com\/pt\/wp-json\/wp\/v2\/posts\/135323","targetHints":{"allow":["GET"]}}],"collection":[{"href":"https:\/\/www.europesays.com\/pt\/wp-json\/wp\/v2\/posts"}],"about":[{"href":"https:\/\/www.europesays.com\/pt\/wp-json\/wp\/v2\/types\/post"}],"author":[{"embeddable":true,"href":"https:\/\/www.europesays.com\/pt\/wp-json\/wp\/v2\/users\/2"}],"replies":[{"embeddable":true,"href":"https:\/\/www.europesays.com\/pt\/wp-json\/wp\/v2\/comments?post=135323"}],"version-history":[{"count":0,"href":"https:\/\/www.europesays.com\/pt\/wp-json\/wp\/v2\/posts\/135323\/revisions"}],"wp:featuredmedia":[{"embeddable":true,"href":"https:\/\/www.europesays.com\/pt\/wp-json\/wp\/v2\/media\/135324"}],"wp:attachment":[{"href":"https:\/\/www.europesays.com\/pt\/wp-json\/wp\/v2\/media?parent=135323"}],"wp:term":[{"taxonomy":"category","embeddable":true,"href":"https:\/\/www.europesays.com\/pt\/wp-json\/wp\/v2\/categories?post=135323"},{"taxonomy":"post_tag","embeddable":true,"href":"https:\/\/www.europesays.com\/pt\/wp-json\/wp\/v2\/tags?post=135323"}],"curies":[{"name":"wp","href":"https:\/\/api.w.org\/{rel}","templated":true}]}}