{"id":135327,"date":"2025-11-01T12:47:40","date_gmt":"2025-11-01T12:47:40","guid":{"rendered":"https:\/\/www.europesays.com\/pt\/135327\/"},"modified":"2025-11-01T12:47:40","modified_gmt":"2025-11-01T12:47:40","slug":"guadiana-militar-morreu-em-barco-apreendido-a-traficantes-observador","status":"publish","type":"post","link":"https:\/\/www.europesays.com\/pt\/135327\/","title":{"rendered":"Guadiana. Militar morreu em barco apreendido a traficantes \u2013 Observador"},"content":{"rendered":"<p>A embarca\u00e7\u00e3o a bordo da qual morreu o cabo Pedro Manata e Silva, no rio Guadiana, pertenceu a traficantes de droga. Segundo a Guarda Nacional Republicana (GNR), a P21 Palma foi apreendida em 2021 no \u00e2mbito de um processo-crime \u201cnuma situa\u00e7\u00e3o de suspeita de atos preparat\u00f3rios de tr\u00e1fico internacional de estupefacientes\u201d.<\/p>\n<p>Pedro Manata e Silva, cabo de 50 anos, desempenhava fun\u00e7\u00f5es em Portim\u00e3o mas tinha ido refor\u00e7ar a equipa de Vila Real de Santo Ant\u00f3nio. Morreu na noite de segunda-feira, 27, ap\u00f3s uma colis\u00e3o no rio Guadiana entre uma lancha r\u00e1pida tripulada por alegados narcotraficantes e o semirr\u00edgido da GNR. O funeral de Pedro Manata e Silva realizou-se esta sexta-feira em Lagos, onde residia com a mulher e dois filhos.<\/p>\n<blockquote class=\"wp-embedded-content\" data-secret=\"UICPx3mBSS\">\n<p><a href=\"https:\/\/observador.pt\/especiais\/isto-e-um-homicidio-puro-e-duro-como-o-trafico-de-droga-que-ensombra-o-rio-guadiana-matou-o-cabo-manata-e-silva-que-vivia-para-a-gnr\/\" rel=\"nofollow noopener\" target=\"_blank\">\u201cIsto \u00e9 um homic\u00eddio, puro e duro.\u201d Como o tr\u00e1fico de droga que ensombra o rio Guadiana matou o cabo Manata e Silva, que \u201cvivia para a GNR\u201d<\/a><\/p>\n<\/blockquote>\n<p>O semirr\u00edgido em que seguiam o cabo e outros tr\u00eas militares da GNR que ficaram feridos na sequ\u00eancia do embate sofreu \u201cdiversos danos ao n\u00edvel dos flutuadores e da fibra, bem como na consola de governo e no vidro de prote\u00e7\u00e3o\u201d.<\/p>\n<p>Nem o casco nem os motores se partiram, segundo a GNR, \u201cembora o pl\u00e1stico de prote\u00e7\u00e3o de um dos motores esteja danificado e os motores central e de estibordo apresentem danos mec\u00e2nicos\u201d.<\/p>\n<p>\u201cEstes danos provocam significativas limita\u00e7\u00f5es na manobrabilidade\u201d, adianta a Guarda. \u201cApesar de os danos serem pass\u00edveis de recupera\u00e7\u00e3o, atendendo a que a repara\u00e7\u00e3o implicar\u00e1 uma despesa avultada, s\u00f3 ap\u00f3s avalia\u00e7\u00e3o t\u00e9cnica e respetiva or\u00e7amenta\u00e7\u00e3o ser\u00e1 equacionada a viabilidade econ\u00f3mica da repara\u00e7\u00e3o.\u201d<\/p>\n<p>Contudo, o Observador sabe que o subdestacamento de Vila Real de Santo Ant\u00f3nio foi refor\u00e7ado com mais embarca\u00e7\u00f5es, entre elas a lancha r\u00e1pida Cassiopeia, que operava na regi\u00e3o de Lisboa.<\/p>\n<blockquote class=\"wp-embedded-content\" data-secret=\"BldBU6D7dn\">\n<p><a href=\"https:\/\/observador.pt\/2025\/10\/28\/um-militar-da-gnr-morreu-e-tres-ficaram-feridos-em-colisao-com-lancha-usada-por-suspeitos-de-trafico-de-droga-no-rio-guadiana\/\" rel=\"nofollow noopener\" target=\"_blank\">Um militar da GNR morreu e tr\u00eas ficaram feridos em colis\u00e3o com lancha usada por suspeitos de tr\u00e1fico de droga no Rio Guadiana<\/a><\/p>\n<\/blockquote>\n<p>Os refor\u00e7os ocorrem depois da colis\u00e3o, mas tamb\u00e9m depois de este ano o Destacamento de Controlo Costeiro de Olh\u00e3o ter ficado sem uma das suas embarca\u00e7\u00f5es: a lancha r\u00e1pida Draco. Apesar de ter sido entregue um ano antes, a par de outras tr\u00eas lanchas r\u00e1pidas distribu\u00eddas pelo Norte, Lisboa e A\u00e7ores, a de Olh\u00e3o foi enviada para a Gr\u00e9cia, para operar \u00e0s ordens da Frontex. Isto apesar dos frequentes alertas de embarca\u00e7\u00f5es r\u00e1pidas ligadas ao narcotr\u00e1fico na zona do Guadiana.<\/p>\n<p>A Draco \u201cencontra-se projetada para a\u00a0Joint Operation Greece\u00a02025, sob a \u00e9gide da Frontex, estando atualmente na ilha de Samos\u201d, detalha a GNR ao Observador. \u201cEsta embarca\u00e7\u00e3o integra o dispositivo de patrulhamento no \u00e2mbito do combate \u00e0 criminalidade transfronteiri\u00e7a na fronteira externa europeia. A sua proje\u00e7\u00e3o decorre dos compromissos assumidos pela Guarda aquando da aquisi\u00e7\u00e3o de tr\u00eas embarca\u00e7\u00f5es CPB \u2013\u00a0Coastal Patrol Boat, atrav\u00e9s de fundos europeus.\u201d<\/p>\n<blockquote class=\"wp-embedded-content\" data-secret=\"ECiciQlWRM\">\n<p><a href=\"https:\/\/observador.pt\/2025\/10\/29\/libertados-os-dois-homens-identificados-como-suspeitos-de-envolvimento-com-lancha-de-trafico-de-droga-que-matou-um-gnr\/\" rel=\"nofollow noopener\" target=\"_blank\">Guadiana. Libertados os dois homens identificados como suspeitos de envolvimento com lancha de tr\u00e1fico de droga que matou um GNR<\/a><\/p>\n<\/blockquote>\n<p>As opera\u00e7\u00f5es de investiga\u00e7\u00e3o no rio Guadiana continuavam esta sexta-feira, dias depois de terem sido detidos e libertados dois suspeitos. Os dois homens, que tinham sido identificados pela GNR, foram libertados ap\u00f3s inquiri\u00e7\u00e3o por parte da Pol\u00edcia Judici\u00e1ria (PJ), a quem cabe a investiga\u00e7\u00e3o por homic\u00eddio qualificado e homic\u00eddio na forma tentada. Por\u00e9m, foram constitu\u00eddos arguidos num outro processo.<\/p>\n<p>A lancha r\u00e1pida dos alegados narcotraficantes foi encontrada ardida na margem portuguesa do Guadiana, horas depois da colis\u00e3o fatal\u00a0para o cabo Pedro Manata e Silva.<\/p>\n<p><strong>[Chegou\u00a0<\/strong><b>o hist\u00f3rico debate entre Soares e Freitas. E o socialista j\u00e1 conseguiu o voto dos\u00a0<\/b><b>comunistas sem \u201colhar para\u00a0o retrato\u201d dele<\/b>.\u00a0<strong>A\u00a0<a href=\"https:\/\/observador.pt\/programas\/a-eleio-mais-louca-de-sempre\/episodio-5-uma-armadilha-em-direto\/\" rel=\"nofollow noopener\" target=\"_blank\">\u201cElei\u00e7\u00e3o Mais Louca de Sempre\u201d<\/a>\u00a0\u00e9 o novo Podcast Plus do Observador sobre as Presidenciais de 1986. Uma s\u00e9rie narrada pelo ator Gon\u00e7alo Waddington, com banda sonora original de Samuel \u00daria. Pode ouvir\u00a0<a href=\"https:\/\/observador.pt\/programas\/a-eleio-mais-louca-de-sempre\/episodio-5-uma-armadilha-em-direto\/\" rel=\"nofollow noopener\" target=\"_blank\">aqui<\/a>, no\u00a0Observador, e tamb\u00e9m na\u00a0<a href=\"https:\/\/podcasts.apple.com\/pt\/podcast\/epis%C3%B3dio-5-uma-armadilha-em-direto\/id1841273464?i=1000733759807\" rel=\"nofollow noopener\" target=\"_blank\">Apple Podcasts<\/a>, no\u00a0<a href=\"https:\/\/open.spotify.com\/episode\/28mDVafMTtrt5QAwWYdye2?si=c6e9dabb29734f15\" rel=\"nofollow noopener\" target=\"_blank\">Spotify<\/a>\u00a0e no\u00a0<a href=\"https:\/\/music.youtube.com\/watch?v=78x1Dlhn7v4&amp;si=O1yv2xMDjId6CreQ\" rel=\"nofollow noopener\" target=\"_blank\">Youtube Music<\/a>. E pode ouvir o primeiro epis\u00f3dio\u00a0<a href=\"https:\/\/observador.pt\/programas\/a-eleio-mais-louca-de-sempre\/estreia-a-eleicao-mais-louca-de-sempre-episodio-1-apostamos-no-cavalo-errado\/\" target=\"_blank\" rel=\"noopener nofollow\">aqui<\/a>,\u00a0o segundo\u00a0<a href=\"https:\/\/observador.pt\/programas\/a-eleio-mais-louca-de-sempre\/episodio-2-uma-traicao-inesperada\/\" target=\"_blank\" rel=\"noopener nofollow\">aqui<\/a>,\u00a0o terceiro\u00a0<a href=\"https:\/\/observador.pt\/programas\/a-eleio-mais-louca-de-sempre\/episodio-3-ele-nao-e-meu-irmao\/\" rel=\"nofollow noopener\" target=\"_blank\">aqui<\/a>\u00a0e o\u00a0<a href=\"https:\/\/observador.pt\/programas\/a-eleio-mais-louca-de-sempre\/episodio-4-portugal-nao-e-moscovo\/\" rel=\"nofollow noopener\" target=\"_blank\">quarto<\/a>\u00a0aqui]<\/strong><\/p>\n<p><a href=\"https:\/\/observador.pt\/programas\/a-eleio-mais-louca-de-sempre\/episodio-5-uma-armadilha-em-direto\/\" target=\"_blank\" rel=\"noopener nofollow\"><\/p>\n<p>        <img src=\"https:\/\/www.europesays.com\/pt\/wp-content\/uploads\/2025\/10\/1761878958_488_770-a-eleicao-mais-louca-de-sempre-playicon.png\" alt=\"\" loading=\"lazy\" decoding=\"async\" class=\"gmail-CToWUd alignnone\" onload=\"this.parentElement.classList.remove('spinner')\" onerror=\"this.parentElement.classList.remove('spinner')\" width=\"770\" height=\"433\"\/>    <\/p>\n<p><\/a><\/p>\n","protected":false},"excerpt":{"rendered":"A embarca\u00e7\u00e3o a bordo da qual morreu o cabo Pedro Manata e Silva, no rio Guadiana, pertenceu a&hellip;\n","protected":false},"author":2,"featured_media":135328,"comment_status":"","ping_status":"","sticky":false,"template":"","format":"standard","meta":{"footnotes":""},"categories":[10],"tags":[27,28,604,152,15,16,2002,14,25,26,21,22,12,13,19,20,2003,32,23,24,33,2004,58,17,18,6995,29,30,31],"class_list":{"0":"post-135327","1":"post","2":"type-post","3":"status-publish","4":"format-standard","5":"has-post-thumbnail","7":"category-portugal","8":"tag-breaking-news","9":"tag-breakingnews","10":"tag-crime","11":"tag-drogas","12":"tag-featured-news","13":"tag-featurednews","14":"tag-gnr","15":"tag-headlines","16":"tag-latest-news","17":"tag-latestnews","18":"tag-main-news","19":"tag-mainnews","20":"tag-news","21":"tag-noticias","22":"tag-noticias-principais","23":"tag-noticiasprincipais","24":"tag-polu00edcia","25":"tag-portugal","26":"tag-principais-noticias","27":"tag-principaisnoticias","28":"tag-pt","29":"tag-seguranu00e7a","30":"tag-sociedade","31":"tag-top-stories","32":"tag-topstories","33":"tag-tru00e1fico-de-droga","34":"tag-ultimas","35":"tag-ultimas-noticias","36":"tag-ultimasnoticias"},"share_on_mastodon":{"url":"https:\/\/pubeurope.com\/@pt\/115474520201125287","error":""},"_links":{"self":[{"href":"https:\/\/www.europesays.com\/pt\/wp-json\/wp\/v2\/posts\/135327","targetHints":{"allow":["GET"]}}],"collection":[{"href":"https:\/\/www.europesays.com\/pt\/wp-json\/wp\/v2\/posts"}],"about":[{"href":"https:\/\/www.europesays.com\/pt\/wp-json\/wp\/v2\/types\/post"}],"author":[{"embeddable":true,"href":"https:\/\/www.europesays.com\/pt\/wp-json\/wp\/v2\/users\/2"}],"replies":[{"embeddable":true,"href":"https:\/\/www.europesays.com\/pt\/wp-json\/wp\/v2\/comments?post=135327"}],"version-history":[{"count":0,"href":"https:\/\/www.europesays.com\/pt\/wp-json\/wp\/v2\/posts\/135327\/revisions"}],"wp:featuredmedia":[{"embeddable":true,"href":"https:\/\/www.europesays.com\/pt\/wp-json\/wp\/v2\/media\/135328"}],"wp:attachment":[{"href":"https:\/\/www.europesays.com\/pt\/wp-json\/wp\/v2\/media?parent=135327"}],"wp:term":[{"taxonomy":"category","embeddable":true,"href":"https:\/\/www.europesays.com\/pt\/wp-json\/wp\/v2\/categories?post=135327"},{"taxonomy":"post_tag","embeddable":true,"href":"https:\/\/www.europesays.com\/pt\/wp-json\/wp\/v2\/tags?post=135327"}],"curies":[{"name":"wp","href":"https:\/\/api.w.org\/{rel}","templated":true}]}}