{"id":135329,"date":"2025-11-01T12:49:09","date_gmt":"2025-11-01T12:49:09","guid":{"rendered":"https:\/\/www.europesays.com\/pt\/135329\/"},"modified":"2025-11-01T12:49:09","modified_gmt":"2025-11-01T12:49:09","slug":"filha-de-amanda-kimberlly-e-neymar-passa-por-cirurgia-de-emergencia-susto","status":"publish","type":"post","link":"https:\/\/www.europesays.com\/pt\/135329\/","title":{"rendered":"Filha de Amanda Kimberlly e Neymar passa por cirurgia de emerg\u00eancia: &#8216;Susto!&#8217;"},"content":{"rendered":"<p><a href=\"https:\/\/caras.com.br\/tags\/amanda-kimberlly\" target=\"_blank\" rel=\"noopener nofollow\"><strong>Amanda Kimberlly<\/strong><\/a> usou as redes sociais na noite desta sexta-feira, 31, para dividir com os seguidores um susto que passou com\u00a0<strong>Helena<\/strong>, de um aninho, sua filha com o jogador de futebol\u00a0<a href=\"https:\/\/caras.com.br\/tags\/neymar-jr_1\" target=\"_blank\" rel=\"noopener nofollow\"><strong>Neymar Jr<\/strong><\/a>.<\/p>\n<p>Nos Stories, a modelo contou que a menina precisou passar por uma cirurgia de emerg\u00eancia ap\u00f3s prender um dos dedos na porta. Ap\u00f3s mostrar a foto do bra\u00e7o de Helena enfaixado e explicar o ocorrido, ela afirmou que a herdeira \u2018est\u00e1 bem, brincando e sem dor\u2019.<\/p>\n<p>\u201c\u00daltimo dia do m\u00eas e dona Helena nos deu um susto! Prendeu o dedinho na porta, o que acabou resultando em um machucado feio e uma cirurgia de emerg\u00eancia. Crian\u00e7a se recupera t\u00e3o r\u00e1pido que impressiona, mesmo com um curativo enorme no bracinho, ela est\u00e1 bem, brincando e sem dor\u201d, relatou.<\/p>\n<p>Em seguida, Amanda confessou que se mostrou grata pela vida de Helena. \u201cNo hospital, vi crian\u00e7as passando por situa\u00e7\u00f5es t\u00e3o mais dif\u00edceis que a da Helena\u2026 e ali, agradeci a Deus pela sa\u00fade dela e por estarmos voltando pra casa. O cora\u00e7\u00e3o da mam\u00e3e agora vai se acalmando, cheio de f\u00e9 e gratid\u00e3o\u201d, finalizou.<\/p>\n<p><strong>Confira:<\/strong><\/p>\n<p> <img loading=\"lazy\" decoding=\"async\" class=\"size-full wp-image-1025546 img-fluid lazy\" alt=\"Amanda Kimberlly relata susto com a filha - Foto: Instagram\" width=\"576\" height=\"981\" src=\"https:\/\/www.europesays.com\/pt\/wp-content\/uploads\/2025\/11\/filha-de-amada-kimberlly-cirurgia.jpeg\"  \/>Amanda Kimberlly relata susto com Helena, sua filha com Neymar \u2013 Foto: Instagram  <\/p>\n<p>No \u00faltimo dia 24, Amanda Kimberlly aproveitou um tempo livre para abrir uma caixinha de perguntas em seu perfil nas redes sociais. Durante a intera\u00e7\u00e3o, um internauta quis saber como ela organiza a rotina de sua filha, Helena.\u00a0\u201cConta da rotina da Helena? Queria saber mais como \u00e9 o dia a dia da nossa princesa\u201d, quis saber uma pessoa.<\/p>\n<p>Amanda detalhou: \u201cMinha av\u00f3 sempre imp\u00f4s rotina na minha cria\u00e7\u00e3o. Quando a Helena nasceu, a rotina foi embora por um tempo. Tudo era novo e normal para a fase que a gente estava vivendo. L\u00e1 pelo terceiro m\u00eas percebi que, antes de eu voltar para a minha rotina, ela precisava ter a dela. Hoje, a Helena tem hor\u00e1rio pra tudo: acordar, brincar, comer, dormir\u201d, explicou. <a href=\"https:\/\/caras.com.br\/bebe\/amanda-kimberlly-revela-como-organiza-a-rotina-de-helena-sua-filha-com-neymar-jr-pra-tudo.phtml\" target=\"_blank\" rel=\"noopener nofollow\"><strong>Saiba mais!<\/strong><\/a><\/p>\n<p><strong>Leia tamb\u00e9m: <\/strong><a href=\"https:\/\/caras.com.br\/bebe\/filha-de-amanda-kimberlly-e-neymar-esbanja-fofura-ao-surgir-com-fantasias.phtml\" target=\"_blank\" rel=\"noopener nofollow\">Filha de Amanda Kimberlly e Neymar esbanja fofura ao surgir com fantasias<\/a><\/p>\n<p>        <a href=\"https:\/\/caras.com.br\/autor\/daniela-santos\" rel=\"nofollow noopener\" target=\"_blank\">&#13;<br \/>\n          <img loading=\"lazy\" decoding=\"async\" alt=\"Daniela Santos\" src=\"https:\/\/www.europesays.com\/pt\/wp-content\/uploads\/2025\/09\/1758949148_187_daniela-santos_sqmd.jpg\" class=\"avatar avatar-115 photo rounded-circle\" height=\"115\" width=\"115\"\/>        <\/a><\/p>\n<p><b>Daniela Santos<\/b> \u00e9 rep\u00f3rter do site CARAS. Formada em jornalismo pela FIAM FAAM, atua na \u00e1rea de celebridades e TV desde 2018<\/p>\n","protected":false},"excerpt":{"rendered":"Amanda Kimberlly usou as redes sociais na noite desta sexta-feira, 31, para dividir com os seguidores um susto&hellip;\n","protected":false},"author":2,"featured_media":135330,"comment_status":"","ping_status":"","sticky":false,"template":"","format":"standard","meta":{"footnotes":""},"categories":[145],"tags":[11936,211,210,30403,30404,114,115,1127,7177,1996,32,33],"class_list":{"0":"post-135329","1":"post","2":"type-post","3":"status-publish","4":"format-standard","5":"has-post-thumbnail","7":"category-celebridades","8":"tag-amanda-kimberlly","9":"tag-celebridades","10":"tag-celebrities","11":"tag-cirurgia-de-emergencia","12":"tag-dedo","13":"tag-entertainment","14":"tag-entretenimento","15":"tag-filha","16":"tag-helena","17":"tag-neymar","18":"tag-portugal","19":"tag-pt"},"share_on_mastodon":{"url":"https:\/\/pubeurope.com\/@pt\/115474528047887373","error":""},"_links":{"self":[{"href":"https:\/\/www.europesays.com\/pt\/wp-json\/wp\/v2\/posts\/135329","targetHints":{"allow":["GET"]}}],"collection":[{"href":"https:\/\/www.europesays.com\/pt\/wp-json\/wp\/v2\/posts"}],"about":[{"href":"https:\/\/www.europesays.com\/pt\/wp-json\/wp\/v2\/types\/post"}],"author":[{"embeddable":true,"href":"https:\/\/www.europesays.com\/pt\/wp-json\/wp\/v2\/users\/2"}],"replies":[{"embeddable":true,"href":"https:\/\/www.europesays.com\/pt\/wp-json\/wp\/v2\/comments?post=135329"}],"version-history":[{"count":0,"href":"https:\/\/www.europesays.com\/pt\/wp-json\/wp\/v2\/posts\/135329\/revisions"}],"wp:featuredmedia":[{"embeddable":true,"href":"https:\/\/www.europesays.com\/pt\/wp-json\/wp\/v2\/media\/135330"}],"wp:attachment":[{"href":"https:\/\/www.europesays.com\/pt\/wp-json\/wp\/v2\/media?parent=135329"}],"wp:term":[{"taxonomy":"category","embeddable":true,"href":"https:\/\/www.europesays.com\/pt\/wp-json\/wp\/v2\/categories?post=135329"},{"taxonomy":"post_tag","embeddable":true,"href":"https:\/\/www.europesays.com\/pt\/wp-json\/wp\/v2\/tags?post=135329"}],"curies":[{"name":"wp","href":"https:\/\/api.w.org\/{rel}","templated":true}]}}