{"id":135375,"date":"2025-11-01T13:29:07","date_gmt":"2025-11-01T13:29:07","guid":{"rendered":"https:\/\/www.europesays.com\/pt\/135375\/"},"modified":"2025-11-01T13:29:07","modified_gmt":"2025-11-01T13:29:07","slug":"cadaver-retirado-do-mar-em-ilhavo","status":"publish","type":"post","link":"https:\/\/www.europesays.com\/pt\/135375\/","title":{"rendered":"Cad\u00e1ver retirado do mar em \u00cdlhavo"},"content":{"rendered":"<p data-remotead-prev-elm=\"true\" data-remotead-elm-id=\"inread\">Em declara\u00e7\u00f5es ao Jornal de Not\u00edcias, fonte do Comando Sub-regional de Emerg\u00eancia e Prote\u00e7\u00e3o Civil da Regi\u00e3o de Aveiro informou que o alerta foi dado pelas 0.24 horas.<\/p>\n<p>O comandante dos Bombeiros Volunt\u00e1rios de \u00cdlhavo, Artur Ferreira, confirmou a ocorr\u00eancia, para a qual tamb\u00e9m foi acionada a Pol\u00edcia Mar\u00edtima.<\/p>\n<p>Desconhecem-se, para j\u00e1, as circunst\u00e2ncias do caso.<\/p>\n","protected":false},"excerpt":{"rendered":"Em declara\u00e7\u00f5es ao Jornal de Not\u00edcias, fonte do Comando Sub-regional de Emerg\u00eancia e Prote\u00e7\u00e3o Civil da Regi\u00e3o de&hellip;\n","protected":false},"author":2,"featured_media":135376,"comment_status":"","ping_status":"","sticky":false,"template":"","format":"standard","meta":{"footnotes":""},"categories":[10],"tags":[627,27,28,21206,15,16,14,25,26,21,22,12,13,19,20,32,23,24,33,17,18,29,30,31],"class_list":{"0":"post-135375","1":"post","2":"type-post","3":"status-publish","4":"format-standard","5":"has-post-thumbnail","7":"category-portugal","8":"tag-bombeiros","9":"tag-breaking-news","10":"tag-breakingnews","11":"tag-concelho-ilhavo","12":"tag-featured-news","13":"tag-featurednews","14":"tag-headlines","15":"tag-latest-news","16":"tag-latestnews","17":"tag-main-news","18":"tag-mainnews","19":"tag-news","20":"tag-noticias","21":"tag-noticias-principais","22":"tag-noticiasprincipais","23":"tag-portugal","24":"tag-principais-noticias","25":"tag-principaisnoticias","26":"tag-pt","27":"tag-top-stories","28":"tag-topstories","29":"tag-ultimas","30":"tag-ultimas-noticias","31":"tag-ultimasnoticias"},"share_on_mastodon":{"url":"https:\/\/pubeurope.com\/@pt\/115474685594331920","error":""},"_links":{"self":[{"href":"https:\/\/www.europesays.com\/pt\/wp-json\/wp\/v2\/posts\/135375","targetHints":{"allow":["GET"]}}],"collection":[{"href":"https:\/\/www.europesays.com\/pt\/wp-json\/wp\/v2\/posts"}],"about":[{"href":"https:\/\/www.europesays.com\/pt\/wp-json\/wp\/v2\/types\/post"}],"author":[{"embeddable":true,"href":"https:\/\/www.europesays.com\/pt\/wp-json\/wp\/v2\/users\/2"}],"replies":[{"embeddable":true,"href":"https:\/\/www.europesays.com\/pt\/wp-json\/wp\/v2\/comments?post=135375"}],"version-history":[{"count":0,"href":"https:\/\/www.europesays.com\/pt\/wp-json\/wp\/v2\/posts\/135375\/revisions"}],"wp:featuredmedia":[{"embeddable":true,"href":"https:\/\/www.europesays.com\/pt\/wp-json\/wp\/v2\/media\/135376"}],"wp:attachment":[{"href":"https:\/\/www.europesays.com\/pt\/wp-json\/wp\/v2\/media?parent=135375"}],"wp:term":[{"taxonomy":"category","embeddable":true,"href":"https:\/\/www.europesays.com\/pt\/wp-json\/wp\/v2\/categories?post=135375"},{"taxonomy":"post_tag","embeddable":true,"href":"https:\/\/www.europesays.com\/pt\/wp-json\/wp\/v2\/tags?post=135375"}],"curies":[{"name":"wp","href":"https:\/\/api.w.org\/{rel}","templated":true}]}}