{"id":135389,"date":"2025-11-01T13:47:25","date_gmt":"2025-11-01T13:47:25","guid":{"rendered":"https:\/\/www.europesays.com\/pt\/135389\/"},"modified":"2025-11-01T13:47:25","modified_gmt":"2025-11-01T13:47:25","slug":"pedido-de-libertacao-de-sarkozy-analisado-a-10-de-novembro","status":"publish","type":"post","link":"https:\/\/www.europesays.com\/pt\/135389\/","title":{"rendered":"Pedido de liberta\u00e7\u00e3o de Sarkozy analisado a 10 de novembro"},"content":{"rendered":"<p>&#13;<br \/>\nO Tribunal de Recurso de Paris vai analisar dentro de semana e meia, a 10 de novembro, o pedido de liberta\u00e7\u00e3o de Nicolas Sarkozy, condenado em primeira inst\u00e2ncia pelo caso do financiamento l\u00edbio, segundo informa\u00e7\u00f5es obtidas pela BFMTV.\u00a0&#13;\n<\/p>\n<p>&#13;<br \/>\nO pedido foi apresentado pelos advogados do antigo presidente franc\u00eas no dia da sua entrada na pris\u00e3o de La Sant\u00e9, em Paris, a 21 de outubro.<b> Nicolas Sarkozy encontra-se a cumprir pena de cinco anos por associa\u00e7\u00e3o criminosa no caso do financiamento da L\u00edbia \u00e0 sua campanha presidencial.\u00a0<\/b>&#13;\n<\/p>\n<p>&#13;<br \/>\nAus\u00eancia de crit\u00e9rios para a pris\u00e3o preventiva\u00a0&#13;\n<\/p>\n<p>De acordo com o <a href=\"https:\/\/www.lefigaro.fr\/actualite-france\/la-demande-de-mise-en-liberte-de-nicolas-sarkozy-examinee-le-10-novembre-prochain-20251031\" target=\"_blank\" rel=\"nofollow noopener\">Le Figaro<\/a>, os seus advogados dever\u00e3o invocar durante a audi\u00eancia com os ju\u00edzes o artigo 144.\u00ba do C\u00f3digo de Processo Penal franc\u00eas, alegando a aus\u00eancia de crit\u00e9rios para a pris\u00e3o preventiva.<b>\u00a0<\/b><\/p>\n<p><b>&#8220;A partir do momento em que ele entrou em deten\u00e7\u00e3o, os crit\u00e9rios que &#13;<br \/>\njustificam essa deten\u00e7\u00e3o n\u00e3o se aplicam&#8221;<\/b>, declarou o advogado Christophe<br \/>\nIngrain, segundo a <a href=\"https:\/\/www.bfmtv.com\/police-justice\/la-demande-de-mise-en-liberte-de-nicolas-sarkozy-examinee-le-lundi-10-novembre_AN-202510310575.html\" target=\"_blank\" rel=\"nofollow noopener\">BFMTV<\/a>. <b>&#8220;Exceto a vontade de mant\u00ea-lo detido a todo o &#13;<br \/>\ncusto, juridicamente n\u00e3o h\u00e1 crit\u00e9rios que justifiquem a sua manuten\u00e7\u00e3o &#13;<br \/>\nem deten\u00e7\u00e3o&#8221;<\/b>, acrescentou.\u00a0&#8220;O que &#13;<br \/>\nesperamos \u00e9 que o Tribunal de Recurso restaure a justi\u00e7a francesa com a &#13;<br \/>\ndignidade que ela merece&#8221;, afirmou Jean-Michel Darrois, tamb\u00e9m advogado da equipa de defesa, e que considera\u00a0 a deten\u00e7\u00e3o &#8220;uma vergonha&#8221;.\u00a0<\/p>\n<p><b>A decis\u00e3o do Tribunal de Recurso ser\u00e1 proferida no mesmo dia. <\/b>Caso a justi\u00e7a aceite libert\u00e1-lo, Nicolas Sarkozy poder\u00e1 sair na mesma noite ou no dia seguinte.\u00a0<\/p>\n","protected":false},"excerpt":{"rendered":"&#13; O Tribunal de Recurso de Paris vai analisar dentro de semana e meia, a 10 de novembro,&hellip;\n","protected":false},"author":2,"featured_media":135390,"comment_status":"","ping_status":"","sticky":false,"template":"","format":"standard","meta":{"footnotes":""},"categories":[50],"tags":[27,28,604,15,16,208,14,603,25,26,21,22,62,12,21757,13,19,20,52,23,24,17,18,29,30,31,63,64,65],"class_list":{"0":"post-135389","1":"post","2":"type-post","3":"status-publish","4":"format-standard","5":"has-post-thumbnail","7":"category-mundo","8":"tag-breaking-news","9":"tag-breakingnews","10":"tag-crime","11":"tag-featured-news","12":"tag-featurednews","13":"tag-franca","14":"tag-headlines","15":"tag-justica","16":"tag-latest-news","17":"tag-latestnews","18":"tag-main-news","19":"tag-mainnews","20":"tag-mundo","21":"tag-news","22":"tag-nicolas-sarkozy","23":"tag-noticias","24":"tag-noticias-principais","25":"tag-noticiasprincipais","26":"tag-politica","27":"tag-principais-noticias","28":"tag-principaisnoticias","29":"tag-top-stories","30":"tag-topstories","31":"tag-ultimas","32":"tag-ultimas-noticias","33":"tag-ultimasnoticias","34":"tag-world","35":"tag-world-news","36":"tag-worldnews"},"share_on_mastodon":{"url":"https:\/\/pubeurope.com\/@pt\/115474756056503957","error":""},"_links":{"self":[{"href":"https:\/\/www.europesays.com\/pt\/wp-json\/wp\/v2\/posts\/135389","targetHints":{"allow":["GET"]}}],"collection":[{"href":"https:\/\/www.europesays.com\/pt\/wp-json\/wp\/v2\/posts"}],"about":[{"href":"https:\/\/www.europesays.com\/pt\/wp-json\/wp\/v2\/types\/post"}],"author":[{"embeddable":true,"href":"https:\/\/www.europesays.com\/pt\/wp-json\/wp\/v2\/users\/2"}],"replies":[{"embeddable":true,"href":"https:\/\/www.europesays.com\/pt\/wp-json\/wp\/v2\/comments?post=135389"}],"version-history":[{"count":0,"href":"https:\/\/www.europesays.com\/pt\/wp-json\/wp\/v2\/posts\/135389\/revisions"}],"wp:featuredmedia":[{"embeddable":true,"href":"https:\/\/www.europesays.com\/pt\/wp-json\/wp\/v2\/media\/135390"}],"wp:attachment":[{"href":"https:\/\/www.europesays.com\/pt\/wp-json\/wp\/v2\/media?parent=135389"}],"wp:term":[{"taxonomy":"category","embeddable":true,"href":"https:\/\/www.europesays.com\/pt\/wp-json\/wp\/v2\/categories?post=135389"},{"taxonomy":"post_tag","embeddable":true,"href":"https:\/\/www.europesays.com\/pt\/wp-json\/wp\/v2\/tags?post=135389"}],"curies":[{"name":"wp","href":"https:\/\/api.w.org\/{rel}","templated":true}]}}