{"id":135391,"date":"2025-11-01T13:48:09","date_gmt":"2025-11-01T13:48:09","guid":{"rendered":"https:\/\/www.europesays.com\/pt\/135391\/"},"modified":"2025-11-01T13:48:09","modified_gmt":"2025-11-01T13:48:09","slug":"encerradas-cinco-urgencias-hospitalares-durante-o-fim-de-semana","status":"publish","type":"post","link":"https:\/\/www.europesays.com\/pt\/135391\/","title":{"rendered":"Encerradas cinco urg\u00eancias hospitalares durante o fim de semana"},"content":{"rendered":"<p>&#13;<br \/>\n<b>A urg\u00eancia geral do hospital de Coimbra, o hospital dos Cov\u00f5es, est\u00e1 encerrada.\u00a0<\/b>Este Servi\u00e7o de Urg\u00eancia <b>passa, a partir deste s\u00e1bado, a funcionar como Centro de Atendimento Cl\u00ednico e vai assegurar situa\u00e7\u00f5es urgentes n\u00e3o emergentes.<\/b>\u00a0Uma decis\u00e3o da Unidade Local de Sa\u00fade que diz que assim melhora as respostas de proximidade aos doentes.&#13;\n<\/p>\n<p>&#13;<br \/>\n<b>O servi\u00e7o de urg\u00eancia de obstetr\u00edcia e ginecologia do Hospital de Santar\u00e9m e do Garcia de Orta, em Almada, tamb\u00e9m est\u00e3o fechados este s\u00e1bado. <\/b>&#13;\n<\/p>\n<p>\nDe acordo com a informa\u00e7\u00e3o publicada no portal do SNS, h\u00e1 ainda oito hospitais que apenas recebem utentes referenciados pelo CODU, incluindo o <b>Garcia de Orta, Amadora-Sintra, S\u00e3o Bernardo em Set\u00fabal, Vila Franca de Xira, S\u00e3o Francisco Xavier, Abrantes, Aveiro e Leiria.<br \/>&#13;<br \/>\n<\/b><br \/>\n<br \/>\nA situa\u00e7\u00e3o melhora no domingo: h\u00e1 informa\u00e7\u00e3o apenas do encerramento da urg\u00eancia de ginecologia e obstetr\u00edcia do hospital de S\u00e3o Bernardo, em Set\u00fabal, e mant\u00e9m-se fechada a urg\u00eancia geral do hospital geral de Coimbra.<\/p>\n<p>&#13;<br \/>\nNo s\u00e1bado estar\u00e3o abertas 127 urg\u00eancias, uma referenciada (no Hospital de Braga) e referenciadas para CODU\/INEM os hospitais de Faro, de S\u00e3o Bernardo (Set\u00fabal), de Braga, de Vila Franca de Xira, do Distrital de Santar\u00e9m, do S\u00e3o Francisco Xavier (Lisboa), do Beatriz \u00c2ngelo (Loures), do Infante Dom Pedro (Aveiro) e do Santo Andr\u00e9 (Leiria).&#13;\n<\/p>\n<p>&#13;<br \/>\nSegundo o mesmo portal, no domingo estar\u00e3o tamb\u00e9m 127 urg\u00eancias abertas em todo o pa\u00eds, uma urg\u00eancia referenciada (urg\u00eancia de obstetr\u00edcia e de ginecologia do Hospital de Braga) e referenciadas para CODU\/INEM no Hospital Beatriz \u00c2ngelo, em Loures, no Hospital Manoel Const\u00e2ncio, em Abrantes, no Infante Dom Pedro, em Aveiro, e no Santo Andr\u00e9, em Leiria.<br \/>&#13;\n<\/p>\n<p><b>Nenhum hospital da margem sul e pen\u00ednsula de Set\u00fabal teve as urg\u00eancias de obstetr\u00edcia e bloco de partos dispon\u00edveis durante a noite de sexta para s\u00e1bado <\/b>e, segundo a RTP apurou, houve constrangimentos em Almada, no Barreiro e em Set\u00fabal.<\/p>\n<p>As corpora\u00e7\u00f5es de bombeiros da regi\u00e3o est\u00e3o a ser avisadas.<\/p>\n<p>At\u00e9 \u00e0s 8h00 da manh\u00e3 deste sa\u00e1bdo, toda a informa\u00e7\u00e3o tinha de ser enviada para o CODU de forma a encaminharem as utentes para outros hospitais. <b>Constrangimentos que se devem, sobretudo, \u00e0 falta de m\u00e9dicos especialistas.<\/b><br \/>&#13;\n<\/p>\n<p>&#13;<br \/>\nC\/Lusa&#13;<\/p>\n","protected":false},"excerpt":{"rendered":"&#13; A urg\u00eancia geral do hospital de Coimbra, o hospital dos Cov\u00f5es, est\u00e1 encerrada.\u00a0Este Servi\u00e7o de Urg\u00eancia passa,&hellip;\n","protected":false},"author":2,"featured_media":135392,"comment_status":"","ping_status":"","sticky":false,"template":"","format":"standard","meta":{"footnotes":""},"categories":[10],"tags":[27,28,15,16,14,25,26,21,22,12,13,19,20,32,23,24,33,420,421,17,18,29,30,31],"class_list":{"0":"post-135391","1":"post","2":"type-post","3":"status-publish","4":"format-standard","5":"has-post-thumbnail","7":"category-portugal","8":"tag-breaking-news","9":"tag-breakingnews","10":"tag-featured-news","11":"tag-featurednews","12":"tag-headlines","13":"tag-latest-news","14":"tag-latestnews","15":"tag-main-news","16":"tag-mainnews","17":"tag-news","18":"tag-noticias","19":"tag-noticias-principais","20":"tag-noticiasprincipais","21":"tag-portugal","22":"tag-principais-noticias","23":"tag-principaisnoticias","24":"tag-pt","25":"tag-rtp","26":"tag-rtp-noticias","27":"tag-top-stories","28":"tag-topstories","29":"tag-ultimas","30":"tag-ultimas-noticias","31":"tag-ultimasnoticias"},"share_on_mastodon":{"url":"https:\/\/pubeurope.com\/@pt\/115474760177015319","error":""},"_links":{"self":[{"href":"https:\/\/www.europesays.com\/pt\/wp-json\/wp\/v2\/posts\/135391","targetHints":{"allow":["GET"]}}],"collection":[{"href":"https:\/\/www.europesays.com\/pt\/wp-json\/wp\/v2\/posts"}],"about":[{"href":"https:\/\/www.europesays.com\/pt\/wp-json\/wp\/v2\/types\/post"}],"author":[{"embeddable":true,"href":"https:\/\/www.europesays.com\/pt\/wp-json\/wp\/v2\/users\/2"}],"replies":[{"embeddable":true,"href":"https:\/\/www.europesays.com\/pt\/wp-json\/wp\/v2\/comments?post=135391"}],"version-history":[{"count":0,"href":"https:\/\/www.europesays.com\/pt\/wp-json\/wp\/v2\/posts\/135391\/revisions"}],"wp:featuredmedia":[{"embeddable":true,"href":"https:\/\/www.europesays.com\/pt\/wp-json\/wp\/v2\/media\/135392"}],"wp:attachment":[{"href":"https:\/\/www.europesays.com\/pt\/wp-json\/wp\/v2\/media?parent=135391"}],"wp:term":[{"taxonomy":"category","embeddable":true,"href":"https:\/\/www.europesays.com\/pt\/wp-json\/wp\/v2\/categories?post=135391"},{"taxonomy":"post_tag","embeddable":true,"href":"https:\/\/www.europesays.com\/pt\/wp-json\/wp\/v2\/tags?post=135391"}],"curies":[{"name":"wp","href":"https:\/\/api.w.org\/{rel}","templated":true}]}}