{"id":135413,"date":"2025-11-01T14:07:27","date_gmt":"2025-11-01T14:07:27","guid":{"rendered":"https:\/\/www.europesays.com\/pt\/135413\/"},"modified":"2025-11-01T14:07:27","modified_gmt":"2025-11-01T14:07:27","slug":"zulma-causa-acidente-e-dita-e-hospitalizada","status":"publish","type":"post","link":"https:\/\/www.europesays.com\/pt\/135413\/","title":{"rendered":"Zulma causa acidente e Dita \u00e9 hospitalizada"},"content":{"rendered":"<p>                        <img width=\"944\" height=\"531\" src=\"https:\/\/www.europesays.com\/pt\/wp-content\/uploads\/2025\/11\/Eta-Mundo-Melhor-Zulma-causa-acidente-e-Dita-e-hospitalizada-944x531.jpg\" class=\"attachment-custom-large size-custom-large article-featured-image\" alt=\"\u00cata Mundo Melhor Zulma causa acidente e Dita \u00e9 hospitalizada\" fetchpriority=\"high\" decoding=\"async\"  \/><\/p>\n<p>Dita ter\u00e1 pressentimento que Zulma est\u00e1 ligada ao sumi\u00e7o do filho de Candinho (Fotos: Divulga\u00e7\u00e3o, TV Globo)<\/p>\n<p>Zulma (Heloisa P\u00e9riss\u00e9) quer Candinho (Sergio Guiz\u00e9) de qualquer maneira e n\u00e3o vai medir esfor\u00e7os para conseguir isso em \u00cata Mundo Melhor!. O que a dona do orfanato precisa antes \u00e9 se livrar de Dita (Jeniffer Nascimento), e isso deve acontecer nos pr\u00f3ximos cap\u00edtulos.<\/p>\n<p>Continua depois da publicidade<\/p>\n<p>Nos resumos divulgados pela TV Globo, de 10 a 15 de novembro, Dita e Candinho v\u00e3o estar felizes, em um momento bom da vida deles. Depois de casarem, os dois ser\u00e3o convidados para serem padrinhos do casamento de Celso (Rainer Cadete) e Estela (Larissa Manoela).<\/p>\n<p>Dita tamb\u00e9m ser\u00e1 convidada para cantar na r\u00e1dio. Toda essa felicidade vai deixar Zulma cheia de inveja. Movida por todo esse ressentimento, Zulma estar\u00e1 disposta a afastar Candinho da cantora.<\/p>\n<p>Enquanto isso, Dita estar\u00e1 se arrumando e ter\u00e1 uma vis\u00e3o de Zulma no espelho e fica apavorada. Ser\u00e1 uma cena marcante, que mostra o press\u00e1gio que faltava para que toda hist\u00f3ria sobre o filho de Candinho comece a ser resolvida.<\/p>\n<p>Continua depois da publicidade<\/p>\n<p>Dita pressente que todo mal que aconteceu na vida de Candinho tem liga\u00e7\u00e3o com a dona do orfanato. A tens\u00e3o aumenta quando Candinho diz para Zulma que n\u00e3o h\u00e1 espa\u00e7o para ela na vida dele, e que ama Dita. No fim desse cap\u00edtulo (que dever\u00e1 ser exibido no dia 12 de novembro), Zulma provoca um acidente.<\/p>\n<p>Em seguida, Dita ser\u00e1 levada para o hospital. Manoela (Dhu Moraes) pressente que algo de ruim aconteceu com a sobrinha. A cantora \u00e9 levada para o hospital e atendida por <strong><a href=\"https:\/\/www.nsctotal.com.br\/noticias\/quem-e-o-ator-que-interpreta-tulio-o-pescador-que-salvou-estela-em-eta-mundo-melhor\" target=\"_blank\" rel=\"noreferrer noopener nofollow\">T\u00falio<\/a><\/strong> (Cadu Libonati). Quando desperta, Dita diz a Candinho que Zulma sabe algo sobre o filho dele.<\/p>\n<p>Veja quem s\u00e3o os personagens de \u00cata Mundo Bom que voltam em \u00cata Mundo Melhor1<\/p>\n<p>VoltarAvan\u00e7ar<\/p>\n<p><img loading=\"lazy\" decoding=\"async\" width=\"1200\" height=\"675\" data-id=\"7557154\" src=\"https:\/\/www.europesays.com\/pt\/wp-content\/uploads\/2025\/10\/Personagens-de-Eta-Mundo-Bom-que-voltam-em-Eta-Mundo-Melhor.jpg\" alt=\"\" class=\"wp-image-7557154\"  \/><\/p>\n<p>Candinho (Foto: Divulga\u00e7\u00e3o, Globo)<\/p>\n<p><img loading=\"lazy\" decoding=\"async\" width=\"1200\" height=\"675\" data-id=\"7557145\" src=\"https:\/\/www.europesays.com\/pt\/wp-content\/uploads\/2025\/10\/Personagens-de-Eta-Mundo-Bom-que-voltam-em-Eta-Mundo-Melhor-12.jpg\" alt=\"\" class=\"wp-image-7557145\"  \/><\/p>\n<p>Cunegundes (Foto: Divulga\u00e7\u00e3o, Globo)<\/p>\n<p><img loading=\"lazy\" decoding=\"async\" width=\"1200\" height=\"675\" data-id=\"7557151\" src=\"https:\/\/www.europesays.com\/pt\/wp-content\/uploads\/2025\/10\/Personagens-de-Eta-Mundo-Bom-que-voltam-em-Eta-Mundo-Melhor-6.jpg\" alt=\"Personagens de \u00cata Mundo Bom que voltam em \u00cata Mundo Melhor \" class=\"wp-image-7557151\"  \/><\/p>\n<p>Quinzinho (Foto: Divulga\u00e7\u00e3o, Globo)<\/p>\n<p><img loading=\"lazy\" decoding=\"async\" width=\"1200\" height=\"675\" data-id=\"7557142\" src=\"https:\/\/www.europesays.com\/pt\/wp-content\/uploads\/2025\/10\/Personagens-de-Eta-Mundo-Bom-que-voltam-em-Eta-Mundo-Melhor-9.jpg\" alt=\"Personagens de \u00cata Mundo Bom que voltam em \u00cata Mundo Melhor \" class=\"wp-image-7557142\"  \/><\/p>\n<p>Manoela (Foto: Divulga\u00e7\u00e3o, Globo)<\/p>\n<p><img loading=\"lazy\" decoding=\"async\" width=\"1200\" height=\"675\" data-id=\"7557143\" src=\"https:\/\/www.europesays.com\/pt\/wp-content\/uploads\/2025\/10\/Personagens-de-Eta-Mundo-Bom-que-voltam-em-Eta-Mundo-Melhor-10.jpg\" alt=\"\" class=\"wp-image-7557143\"  \/><\/p>\n<p>Celso (Foto: Divulga\u00e7\u00e3o, Globo)<\/p>\n<p><img loading=\"lazy\" decoding=\"async\" width=\"1200\" height=\"675\" data-id=\"7557144\" src=\"https:\/\/www.europesays.com\/pt\/wp-content\/uploads\/2025\/10\/Personagens-de-Eta-Mundo-Bom-que-voltam-em-Eta-Mundo-Melhor-11.jpg\" alt=\"Personagens de \u00cata Mundo Bom que voltam em \u00cata Mundo Melhor \" class=\"wp-image-7557144\"  \/><\/p>\n<p>Ol\u00edmpia (Foto: Divulga\u00e7\u00e3o, Globo)<\/p>\n<p><img loading=\"lazy\" decoding=\"async\" width=\"1200\" height=\"675\" data-id=\"7557146\" src=\"https:\/\/www.europesays.com\/pt\/wp-content\/uploads\/2025\/10\/Personagens-de-Eta-Mundo-Bom-que-voltam-em-Eta-Mundo-Melhor-2.jpg\" alt=\"Personagens de \u00cata Mundo Bom que voltam em \u00cata Mundo Melhor \" class=\"wp-image-7557146\"  \/><\/p>\n<p> Quincas (Foto: Divulga\u00e7\u00e3o, Globo)<\/p>\n<p><img loading=\"lazy\" decoding=\"async\" width=\"1200\" height=\"675\" data-id=\"7557147\" src=\"https:\/\/www.europesays.com\/pt\/wp-content\/uploads\/2025\/10\/Personagens-de-Eta-Mundo-Bom-que-voltam-em-Eta-Mundo-Melhor-3.jpg\" alt=\"\" class=\"wp-image-7557147\"  \/><\/p>\n<p>Tobias (Foto: Divulga\u00e7\u00e3o, Globo)<\/p>\n<p><img loading=\"lazy\" decoding=\"async\" width=\"1200\" height=\"675\" data-id=\"7557148\" src=\"https:\/\/www.europesays.com\/pt\/wp-content\/uploads\/2025\/10\/Personagens-de-Eta-Mundo-Bom-que-voltam-em-Eta-Mundo-Melhor-4.jpg\" alt=\"Personagens de \u00cata Mundo Bom que voltam em \u00cata Mundo Melhor \" class=\"wp-image-7557148\"  \/><\/p>\n<p>Maria (Foto: Divulga\u00e7\u00e3o, Globo)<\/p>\n<p><img loading=\"lazy\" decoding=\"async\" width=\"1200\" height=\"675\" data-id=\"7557149\" src=\"https:\/\/www.europesays.com\/pt\/wp-content\/uploads\/2025\/10\/Personagens-de-Eta-Mundo-Bom-que-voltam-em-Eta-Mundo-Melhor-5.jpg\" alt=\"\" class=\"wp-image-7557149\"  \/><\/p>\n<p>Lauro (Foto: Divulga\u00e7\u00e3o, Globo)<\/p>\n<p><img loading=\"lazy\" decoding=\"async\" width=\"1200\" height=\"675\" data-id=\"7557152\" src=\"https:\/\/www.europesays.com\/pt\/wp-content\/uploads\/2025\/10\/Personagens-de-Eta-Mundo-Bom-que-voltam-em-Eta-Mundo-Melhor-7.jpg\" alt=\"\" class=\"wp-image-7557152\"  \/><\/p>\n<p>Z\u00e9 dos Porcos (Foto: Divulga\u00e7\u00e3o, Globo)<\/p>\n<p><img loading=\"lazy\" decoding=\"async\" width=\"1200\" height=\"675\" data-id=\"7557153\" src=\"https:\/\/www.europesays.com\/pt\/wp-content\/uploads\/2025\/10\/Personagens-de-Eta-Mundo-Bom-que-voltam-em-Eta-Mundo-Melhor-8.jpg\" alt=\"Personagens de \u00cata Mundo Bom que voltam em \u00cata Mundo Melhor \" class=\"wp-image-7557153\"  \/><\/p>\n<p>Ara\u00fajo e Olga (Foto: Divulga\u00e7\u00e3o, Globo)<\/p>\n<p>E se voc\u00ea gosta de novelas, veja tamb\u00e9m que em <strong><a href=\"https:\/\/www.nsctotal.com.br\/noticias\/dona-de-mim-filipa-sofre-acidente-e-perde-a-guarda-de-sofia\" target=\"_blank\" rel=\"noreferrer noopener nofollow\">Dona de Mim: Filipa sofre acidente e perde a guarda de Sofia<\/a><\/strong>.<\/p>\n<p>Continua depois da publicidade<\/p>\n","protected":false},"excerpt":{"rendered":"Dita ter\u00e1 pressentimento que Zulma est\u00e1 ligada ao sumi\u00e7o do filho de Candinho (Fotos: Divulga\u00e7\u00e3o, TV Globo) Zulma&hellip;\n","protected":false},"author":2,"featured_media":135414,"comment_status":"","ping_status":"","sticky":false,"template":"","format":"standard","meta":{"footnotes":""},"categories":[142],"tags":[114,115,32,33,151,543],"class_list":{"0":"post-135413","1":"post","2":"type-post","3":"status-publish","4":"format-standard","5":"has-post-thumbnail","7":"category-tv","8":"tag-entertainment","9":"tag-entretenimento","10":"tag-portugal","11":"tag-pt","12":"tag-tv","13":"tag-ver-ouvir-ler"},"share_on_mastodon":{"url":"https:\/\/pubeurope.com\/@pt\/115474835098741305","error":""},"_links":{"self":[{"href":"https:\/\/www.europesays.com\/pt\/wp-json\/wp\/v2\/posts\/135413","targetHints":{"allow":["GET"]}}],"collection":[{"href":"https:\/\/www.europesays.com\/pt\/wp-json\/wp\/v2\/posts"}],"about":[{"href":"https:\/\/www.europesays.com\/pt\/wp-json\/wp\/v2\/types\/post"}],"author":[{"embeddable":true,"href":"https:\/\/www.europesays.com\/pt\/wp-json\/wp\/v2\/users\/2"}],"replies":[{"embeddable":true,"href":"https:\/\/www.europesays.com\/pt\/wp-json\/wp\/v2\/comments?post=135413"}],"version-history":[{"count":0,"href":"https:\/\/www.europesays.com\/pt\/wp-json\/wp\/v2\/posts\/135413\/revisions"}],"wp:featuredmedia":[{"embeddable":true,"href":"https:\/\/www.europesays.com\/pt\/wp-json\/wp\/v2\/media\/135414"}],"wp:attachment":[{"href":"https:\/\/www.europesays.com\/pt\/wp-json\/wp\/v2\/media?parent=135413"}],"wp:term":[{"taxonomy":"category","embeddable":true,"href":"https:\/\/www.europesays.com\/pt\/wp-json\/wp\/v2\/categories?post=135413"},{"taxonomy":"post_tag","embeddable":true,"href":"https:\/\/www.europesays.com\/pt\/wp-json\/wp\/v2\/tags?post=135413"}],"curies":[{"name":"wp","href":"https:\/\/api.w.org\/{rel}","templated":true}]}}