{"id":135429,"date":"2025-11-01T14:19:15","date_gmt":"2025-11-01T14:19:15","guid":{"rendered":"https:\/\/www.europesays.com\/pt\/135429\/"},"modified":"2025-11-01T14:19:15","modified_gmt":"2025-11-01T14:19:15","slug":"whindersson-nunes-posta-foto-com-declaracao-sugestiva-e-levanta-rumores-de-novo-romance","status":"publish","type":"post","link":"https:\/\/www.europesays.com\/pt\/135429\/","title":{"rendered":"Whindersson Nunes posta foto com declara\u00e7\u00e3o sugestiva e levanta rumores de novo romance"},"content":{"rendered":"<p><strong>Whindersson Nunes<\/strong>, de 30 anos de idade, deixou os f\u00e3s curiosos ao publicar, nesta sexta-feira (31),\u00a0uma foto ao lado de uma mulher e uma legenda sugestiva: \u201cDepois diz que eu n\u00e3o te assumo\u201d. Na imagem, \u00e9 poss\u00edvel ver apenas parte do rosto da acompanhante, o que gerou especula\u00e7\u00f5es entre os seguidores sobre um poss\u00edvel novo romance.<\/p>\n<p>A mulher em quest\u00e3o \u00e9 a modelo<strong>\u00a0Yasmim Cortez<\/strong>, que est\u00e1 viajando com o humorista para Natal, no Rio Grande do Norte. Apesar de n\u00e3o confirmarem o relacionamento, os dois t\u00eam compartilhado registros da mesma viagem nas redes sociais, o que aumentou os rumores de um envolvimento. A\u00a0<strong>Quem\u00a0<\/strong>entrou em contato com a assessoria de Whindersson, mas at\u00e9 a \u00faltima atualiza\u00e7\u00e3o desta mat\u00e9ria n\u00e3o obteve retorno.<\/p>\n<p>Apesar de n\u00e3o confirmarem o status do relacionamento, o influenciador fez outro post de Yasmim em suas redes sociais. Ele compartilhou uma foto no feed em que aparece tirando uma foto da modelo e escreveu na legenda: \u201cAprecie uma boa vista\u201d.<\/p>\n<p>Nos coment\u00e1rios, os f\u00e3s reagiram com empolga\u00e7\u00e3o \u00e0 nova publica\u00e7\u00e3o do humorista. \u201cIsso que \u00e9 vida\u201d, escreveu um seguidor. \u201cA mais linda\u201d, elogiou outro. \u201cQue bom ver voc\u00ea feliz, Whin\u201d, comentou um f\u00e3. \u201cEu amo um casal!\u201d, escreveu mais uma.<\/p>\n","protected":false},"excerpt":{"rendered":"Whindersson Nunes, de 30 anos de idade, deixou os f\u00e3s curiosos ao publicar, nesta sexta-feira (31),\u00a0uma foto ao&hellip;\n","protected":false},"author":2,"featured_media":135430,"comment_status":"","ping_status":"","sticky":false,"template":"","format":"standard","meta":{"footnotes":""},"categories":[145],"tags":[211,210,114,115,32,33],"class_list":{"0":"post-135429","1":"post","2":"type-post","3":"status-publish","4":"format-standard","5":"has-post-thumbnail","7":"category-celebridades","8":"tag-celebridades","9":"tag-celebrities","10":"tag-entertainment","11":"tag-entretenimento","12":"tag-portugal","13":"tag-pt"},"share_on_mastodon":{"url":"https:\/\/pubeurope.com\/@pt\/115474881791346678","error":""},"_links":{"self":[{"href":"https:\/\/www.europesays.com\/pt\/wp-json\/wp\/v2\/posts\/135429","targetHints":{"allow":["GET"]}}],"collection":[{"href":"https:\/\/www.europesays.com\/pt\/wp-json\/wp\/v2\/posts"}],"about":[{"href":"https:\/\/www.europesays.com\/pt\/wp-json\/wp\/v2\/types\/post"}],"author":[{"embeddable":true,"href":"https:\/\/www.europesays.com\/pt\/wp-json\/wp\/v2\/users\/2"}],"replies":[{"embeddable":true,"href":"https:\/\/www.europesays.com\/pt\/wp-json\/wp\/v2\/comments?post=135429"}],"version-history":[{"count":0,"href":"https:\/\/www.europesays.com\/pt\/wp-json\/wp\/v2\/posts\/135429\/revisions"}],"wp:featuredmedia":[{"embeddable":true,"href":"https:\/\/www.europesays.com\/pt\/wp-json\/wp\/v2\/media\/135430"}],"wp:attachment":[{"href":"https:\/\/www.europesays.com\/pt\/wp-json\/wp\/v2\/media?parent=135429"}],"wp:term":[{"taxonomy":"category","embeddable":true,"href":"https:\/\/www.europesays.com\/pt\/wp-json\/wp\/v2\/categories?post=135429"},{"taxonomy":"post_tag","embeddable":true,"href":"https:\/\/www.europesays.com\/pt\/wp-json\/wp\/v2\/tags?post=135429"}],"curies":[{"name":"wp","href":"https:\/\/api.w.org\/{rel}","templated":true}]}}