{"id":135457,"date":"2025-11-01T14:50:07","date_gmt":"2025-11-01T14:50:07","guid":{"rendered":"https:\/\/www.europesays.com\/pt\/135457\/"},"modified":"2025-11-01T14:50:07","modified_gmt":"2025-11-01T14:50:07","slug":"maserati-entre-os-carros-de-luxo-envolvidos-num-sequestro-relampago-em-madrid","status":"publish","type":"post","link":"https:\/\/www.europesays.com\/pt\/135457\/","title":{"rendered":"Maserati entre os carros de luxo envolvidos num sequestro-rel\u00e2mpago em Madrid"},"content":{"rendered":"<p data-remotead-prev-elm=\"true\" data-remotead-elm-id=\"inread\">Segundo o &#8220;El Pa\u00eds&#8221;, por volta das 21 horas, tr\u00eas autom\u00f3veis de luxo, entre eles um Maserati, intercetaram um carro onde seguiam duas pessoas, na Rua Antonio L\u00f3pez, distrito de Carabanchel.<\/p>\n<p>Embora os primeiros relatos indicassem tratar-se de uma agress\u00e3o, as autoridades est\u00e3o, agora, a investigar a hip\u00f3tese de sequestro de um homem que seguia no ve\u00edculo.<\/p>\n<p>Fontes policiais citadas pelo mesmo jornal revelam que os tr\u00eas carros de luxo colidiram com o da v\u00edtima, for\u00e7ando-a a sair e a entrar num dos autom\u00f3veis. O sequestro poder\u00e1 estar associado a um ajuste de contas. A Pol\u00edcia est\u00e1 a investigar se o sequestrado ser\u00e1 um conhecido criminoso.<\/p>\n<p>Algumas testemunhas afirmaram ter ouvido 15 disparos durante o acidente, relatos confirmados pelas marcas de bala vis\u00edveis no carro da v\u00edtima.<\/p>\n","protected":false},"excerpt":{"rendered":"Segundo o &#8220;El Pa\u00eds&#8221;, por volta das 21 horas, tr\u00eas autom\u00f3veis de luxo, entre eles um Maserati, intercetaram&hellip;\n","protected":false},"author":2,"featured_media":135458,"comment_status":"","ping_status":"","sticky":false,"template":"","format":"standard","meta":{"footnotes":""},"categories":[50],"tags":[27,28,15,16,14,25,26,6312,21,22,62,12,13,19,20,23,24,798,17,18,29,30,31,63,64,65],"class_list":{"0":"post-135457","1":"post","2":"type-post","3":"status-publish","4":"format-standard","5":"has-post-thumbnail","7":"category-mundo","8":"tag-breaking-news","9":"tag-breakingnews","10":"tag-featured-news","11":"tag-featurednews","12":"tag-headlines","13":"tag-latest-news","14":"tag-latestnews","15":"tag-madrid","16":"tag-main-news","17":"tag-mainnews","18":"tag-mundo","19":"tag-news","20":"tag-noticias","21":"tag-noticias-principais","22":"tag-noticiasprincipais","23":"tag-principais-noticias","24":"tag-principaisnoticias","25":"tag-sequestro","26":"tag-top-stories","27":"tag-topstories","28":"tag-ultimas","29":"tag-ultimas-noticias","30":"tag-ultimasnoticias","31":"tag-world","32":"tag-world-news","33":"tag-worldnews"},"share_on_mastodon":{"url":"https:\/\/pubeurope.com\/@pt\/115475003703285090","error":""},"_links":{"self":[{"href":"https:\/\/www.europesays.com\/pt\/wp-json\/wp\/v2\/posts\/135457","targetHints":{"allow":["GET"]}}],"collection":[{"href":"https:\/\/www.europesays.com\/pt\/wp-json\/wp\/v2\/posts"}],"about":[{"href":"https:\/\/www.europesays.com\/pt\/wp-json\/wp\/v2\/types\/post"}],"author":[{"embeddable":true,"href":"https:\/\/www.europesays.com\/pt\/wp-json\/wp\/v2\/users\/2"}],"replies":[{"embeddable":true,"href":"https:\/\/www.europesays.com\/pt\/wp-json\/wp\/v2\/comments?post=135457"}],"version-history":[{"count":0,"href":"https:\/\/www.europesays.com\/pt\/wp-json\/wp\/v2\/posts\/135457\/revisions"}],"wp:featuredmedia":[{"embeddable":true,"href":"https:\/\/www.europesays.com\/pt\/wp-json\/wp\/v2\/media\/135458"}],"wp:attachment":[{"href":"https:\/\/www.europesays.com\/pt\/wp-json\/wp\/v2\/media?parent=135457"}],"wp:term":[{"taxonomy":"category","embeddable":true,"href":"https:\/\/www.europesays.com\/pt\/wp-json\/wp\/v2\/categories?post=135457"},{"taxonomy":"post_tag","embeddable":true,"href":"https:\/\/www.europesays.com\/pt\/wp-json\/wp\/v2\/tags?post=135457"}],"curies":[{"name":"wp","href":"https:\/\/api.w.org\/{rel}","templated":true}]}}