{"id":135469,"date":"2025-11-01T14:59:21","date_gmt":"2025-11-01T14:59:21","guid":{"rendered":"https:\/\/www.europesays.com\/pt\/135469\/"},"modified":"2025-11-01T14:59:21","modified_gmt":"2025-11-01T14:59:21","slug":"assisti-ao-jogo-deles-contra-o-fc-porto","status":"publish","type":"post","link":"https:\/\/www.europesays.com\/pt\/135469\/","title":{"rendered":"\u00abAssisti ao jogo deles contra o FC Porto\u00bb"},"content":{"rendered":"<p>&#8211; Advertisement &#8211;<\/p>\n<p><strong><strong>O Manchester United vai enfrentar fora de casa o Nottingham Forest na Premier League. Ruben Amorim j\u00e1 fez a antevis\u00e3o.<\/strong><\/strong><\/p>\n<p>Ruben Amorim j\u00e1 fez a antevis\u00e3o ao Nottingham Forest x Manchester United para a jornada 10 da Premier League. O jogo est\u00e1 marcado para este s\u00e1bado, dia 1 de novembro, pelas 15h00, e o t\u00e9cnico portugu\u00eas come\u00e7ou por dizer o seguinte:<\/p>\n<p>\u00abAssisti ao \u00faltimo jogo deles. Assisti ao jogo contra o FC Porto, assisti ao jogo contra o Bournemouth, o estilo de jogo \u00e9 semelhante, com caracter\u00edsticas diferentes. Eles t\u00eam jogadores talentosos como Gibbs-White, Anderson e Hudson-Odoi, jogadores muito bons. Ser\u00e1 diferente do Brighton, onde tivemos espa\u00e7o para jogar. N\u00e3o teremos esse espa\u00e7o\u00bb.<\/p>\n<p>Ruben Amorim fala num Manchester United diferente fora de casa:<\/p>\n<p>\u00abTemos de compreender que n\u00e3o somos a mesma equipa fora de casa que somos em casa, por isso precisamos de melhorar a forma como controlamos o ambiente. Cada desarme \u00e9 um momento importante. Por isso, precisamos de jogar melhor fora de casa. Estamos prontos para um jogo muito dif\u00edcil\u00bb.<\/p>\n<p>Na temporada passada, Sean Dyche, atual treinador do Nottingham Forest, disse, como comentador desportivo, que \u00abpoderia ganhar mais jogos\u00bb com o plantel do Manchester United, a jogar num 4-4-2 em vez do seu 3-4-4. Ruben Amorim respondeu:<\/p>\n<p>\u00abEm primeiro lugar, talvez seja verdade que se jogarmos em 4-4-2 ganhamos mais, mas sempre disse que tenho uma forma de jogar que vai demorar algum tempo. Posso olhar para o Sean Dyche como treinador e comentador. Se \u00e9s comentador e n\u00e3o dizes coisas muito fortes, n\u00e3o te quero ver. Eu sou igual\u00bb.<\/p>\n<p><a href=\"https:\/\/bolanarede.pt\/etiqueta\/ruben-amorim-2\/\" target=\"_blank\" rel=\"noreferrer noopener nofollow\">Ruben Amorim<\/a> fez balan\u00e7o de passagem pelo Manchester United at\u00e9 ao momento:<\/p>\n<p>\u00abFoi uma jornada. Uma grande jornada. Foi dif\u00edcil. Muito dif\u00edcil. Momentos bons, momentos maus. Aprendi muito, isso \u00e9 muito importante. Aprendi que mesmo nos meus momentos mais dif\u00edceis posso manter-me fiel ao que acredito e isso \u00e9 algo bom para qualquer pessoa compreender. Hoje, a resposta \u00e9 diferente da de h\u00e1 tr\u00eas semanas, por isso \u00e9 importante compreender isso. \u00c9 uma das grandes honras da minha vida estar aqui e quero continuar aqui por muitos anos\u00bb.<\/p>\n<blockquote class=\"twitter-tweet\" data-width=\"550\" data-dnt=\"true\">\n<p lang=\"en\" dir=\"ltr\">\ud83d\udea8\ud83d\udea8\ud83c\udf99\ufe0f| Ruben Amorim on Sean Dyche&#8217;s claims last season that he could have won more games with his team playing a 4-4-2:<\/p>\n<p>\u201cFirst of all, maybe it&#8217;s true if we play 4-4-2 win win more, but I always said that I have a way of playing that is going to take a while.\u201d<\/p>\n<p>\u201cI can look at\u2026 <a href=\"https:\/\/t.co\/PeSxIRrxxZ\" rel=\"nofollow\">pic.twitter.com\/PeSxIRrxxZ<\/a><\/p>\n<p>\u2014 centredevils. (@centredevils) <a href=\"https:\/\/twitter.com\/centredevils\/status\/1983892254931788199?ref_src=twsrc%5Etfw\" rel=\"nofollow noopener\" target=\"_blank\">October 30, 2025<\/a><\/p><\/blockquote>\n<p><script async src=\"https:\/\/platform.twitter.com\/widgets.js\" charset=\"utf-8\"><\/script><\/p>\n","protected":false},"excerpt":{"rendered":"&#8211; Advertisement &#8211; O Manchester United vai enfrentar fora de casa o Nottingham Forest na Premier League. Ruben&hellip;\n","protected":false},"author":2,"featured_media":124016,"comment_status":"","ping_status":"","sticky":false,"template":"","format":"standard","meta":{"footnotes":""},"categories":[87],"tags":[260,135,478,663,32,33,1052,25706,134],"class_list":{"0":"post-135469","1":"post","2":"type-post","3":"status-publish","4":"format-standard","5":"has-post-thumbnail","7":"category-desporto","8":"tag-atualidade","9":"tag-desporto","10":"tag-destaques-bnr","11":"tag-manchester-united","12":"tag-portugal","13":"tag-pt","14":"tag-ruben-amorim","15":"tag-sean-dyche","16":"tag-sports"},"share_on_mastodon":{"url":"https:\/\/pubeurope.com\/@pt\/115475039164409167","error":""},"_links":{"self":[{"href":"https:\/\/www.europesays.com\/pt\/wp-json\/wp\/v2\/posts\/135469","targetHints":{"allow":["GET"]}}],"collection":[{"href":"https:\/\/www.europesays.com\/pt\/wp-json\/wp\/v2\/posts"}],"about":[{"href":"https:\/\/www.europesays.com\/pt\/wp-json\/wp\/v2\/types\/post"}],"author":[{"embeddable":true,"href":"https:\/\/www.europesays.com\/pt\/wp-json\/wp\/v2\/users\/2"}],"replies":[{"embeddable":true,"href":"https:\/\/www.europesays.com\/pt\/wp-json\/wp\/v2\/comments?post=135469"}],"version-history":[{"count":0,"href":"https:\/\/www.europesays.com\/pt\/wp-json\/wp\/v2\/posts\/135469\/revisions"}],"wp:featuredmedia":[{"embeddable":true,"href":"https:\/\/www.europesays.com\/pt\/wp-json\/wp\/v2\/media\/124016"}],"wp:attachment":[{"href":"https:\/\/www.europesays.com\/pt\/wp-json\/wp\/v2\/media?parent=135469"}],"wp:term":[{"taxonomy":"category","embeddable":true,"href":"https:\/\/www.europesays.com\/pt\/wp-json\/wp\/v2\/categories?post=135469"},{"taxonomy":"post_tag","embeddable":true,"href":"https:\/\/www.europesays.com\/pt\/wp-json\/wp\/v2\/tags?post=135469"}],"curies":[{"name":"wp","href":"https:\/\/api.w.org\/{rel}","templated":true}]}}