{"id":135518,"date":"2025-11-01T15:52:09","date_gmt":"2025-11-01T15:52:09","guid":{"rendered":"https:\/\/www.europesays.com\/pt\/135518\/"},"modified":"2025-11-01T15:52:09","modified_gmt":"2025-11-01T15:52:09","slug":"leao-xiv-newman-doutor-da-igreja-luz-para-as-novas-geracoes","status":"publish","type":"post","link":"https:\/\/www.europesays.com\/pt\/135518\/","title":{"rendered":"Le\u00e3o XIV: Newman, Doutor da Igreja, luz para as novas gera\u00e7\u00f5es"},"content":{"rendered":"<p>Na Solenidade de Todos os Santos, o Papa Le\u00e3o XIV inscreveu S\u00e3o John Henry Newman entre os Doutores da Igreja e, por ocasi\u00e3o do Jubileu do Mundo Educativo, o nomeou co-padroeiro, com Santo Tom\u00e1s de Aquino, de todos os agentes que participam no processo educativo. A celebra\u00e7\u00e3o foi realizada neste s\u00e1bado, 1\u00ba de novembro, na Pra\u00e7a S\u00e3o Pedro.<\/p>\n<p>\n   Ou\u00e7a a reportagem com a voz do Papa e compartilhe\n  <\/p>\n<p><b>Vatican News<\/b><\/p>\n<p>Na manh\u00e3 deste s\u00e1bado, 1\u00ba de novembro, Solenidade de Todos os Santos, o Papa Le\u00e3o XIV presidiu a celebra\u00e7\u00e3o da Santa Missa na Pra\u00e7a S\u00e3o Pedro, na qual inscreveu S\u00e3o John Henry Newman entre os Doutores da Igreja e, ao mesmo tempo, por ocasi\u00e3o do Jubileu do Mundo Educativo, o nomeou co-padroeiro, com Santo Tom\u00e1s de Aquino, de todos os agentes que participam no processo educativo. At\u00e9 hoje os Doutores da Igreja s\u00e3o 37, entre os quais 4 mulheres, com S\u00e3o John Newman ser\u00e3o 38.<\/p>\n<p><a href=\"https:\/\/www.vatican.va\/content\/leo-xiv\/pt\/homilies\/2025\/documents\/20251101-messa-giubileo-formatori.html\" target=\"_blank\" rel=\"external nofollow noopener\">Leia aqui a homilia completa do Papa Le\u00e3o XIV<\/a><\/p>\n<p>    <img decoding=\"async\" src=\"data:image\/gif;base64,R0lGODlhAQABAIAAAAAAAP\/\/\/yH5BAEAAAAALAAAAAABAAEAAAIBRAA7\" data-original=\"https:\/\/www.vaticannews.va\/content\/dam\/vaticannews\/agenzie\/images\/srv\/2025\/11\/01\/2025-11-01-santa-messa-per-il-giubileo-del-mondo-educativo-e-pro\/1761994135212.JPG\/_jcr_content\/renditions\/cq5dam.thumbnail.cropped.750.422.jpeg\" alt=\"A imagem do mais novo Doutor da Igreja, S\u00e3o John Henry Newman\" title=\"A imagem do mais novo Doutor da Igreja, S\u00e3o John Henry Newman\"\/><\/p>\n<p>\n   A imagem do mais novo Doutor da Igreja, S\u00e3o John Henry Newman \u00a0 (@Vatican Media)\n  <\/p>\n<p>Inspirar as novas gera\u00e7\u00f5es <\/p>\n<p>O Papa Le\u00e3o apresentou o novo Doutor da Igreja afirmando: &#8220;a imponente estatura cultural e espiritual de Newman servir\u00e1 de inspira\u00e7\u00e3o para as novas gera\u00e7\u00f5es com o cora\u00e7\u00e3o sedento de infinito, dispon\u00edveis a realizar, atrav\u00e9s da pesquisa e do conhecimento, aquela viagem que, como diziam os antigos, nos faz passar per aspera ad astra, ou seja, atrav\u00e9s das dificuldades at\u00e9 aos astros&#8221;.<\/p>\n<p>Escolas: laborat\u00f3rios de profecias <\/p>\n<p>Depois de afirmar que a vida dos santos testemunha-nos que \u00e9 poss\u00edvel viver com paix\u00e3o na complexidade do tempo presente sem deixar de lado o mandato apost\u00f3lico, dirigindo-se aos educadores e \u00e0s institui\u00e7\u00f5es educativas disse: \u201co\u00a0Jubileu \u00e9 uma peregrina\u00e7\u00e3o na esperan\u00e7a e todos v\u00f3s, no vasto campo da educa\u00e7\u00e3o, sabeis bem o quanto a esperan\u00e7a \u00e9 uma semente indispens\u00e1vel! Quando penso nas escolas e nas universidades, penso nelas como laborat\u00f3rios de profecia, onde a esperan\u00e7a \u00e9 vivida e continuamente narrada e reproposta\u201d.<\/p>\n<p>    <img decoding=\"async\" src=\"data:image\/gif;base64,R0lGODlhAQABAIAAAAAAAP\/\/\/yH5BAEAAAAALAAAAAABAAEAAAIBRAA7\" data-original=\"https:\/\/www.vaticannews.va\/content\/dam\/vaticannews\/agenzie\/images\/srv\/2025\/11\/01\/2025-11-01-santa-messa-per-il-giubileo-del-mondo-educativo-e-pro\/1761994129952.JPG\/_jcr_content\/renditions\/cq5dam.thumbnail.cropped.750.422.jpeg\" alt=\"A delega\u00e7\u00e3o da Igreja da Inglaterra presente na celebra\u00e7\u00e3o\" title=\"A delega\u00e7\u00e3o da Igreja da Inglaterra presente na celebra\u00e7\u00e3o\"\/><\/p>\n<p>\n   A delega\u00e7\u00e3o da Igreja da Inglaterra presente na celebra\u00e7\u00e3o \u00a0 (@Vatican Media)\n  <\/p>\n<p>Evangelho das Bem-aventuran\u00e7as <\/p>\n<p>Le\u00e3o falou em seguida sobre o sentido do Evangelho das Bem-aventuran\u00e7as hoje proclamado. \u201cAs Bem-aventuran\u00e7as trazem consigo uma nova interpreta\u00e7\u00e3o da realidade. S\u00e3o o caminho e a mensagem de Jesus educador. \u00c0 primeira vista, parece imposs\u00edvel declarar bem-aventurados os pobres, aqueles que t\u00eam fome e sede de justi\u00e7a, os perseguidos ou os que promovem a paz. Mas o que parece inconceb\u00edvel na gram\u00e1tica do mundo, enche-se de sentido e luz na proximidade do Reino de Deus\u201d. Continuando sobre o tema disse ainda: \u201cAs Bem-aventuran\u00e7as n\u00e3o s\u00e3o um ensinamento entre tantos: s\u00e3o o ensinamento por excel\u00eancia. Da mesma forma, o Senhor Jesus n\u00e3o \u00e9 um entre tantos mestres, \u00e9 o Mestre por excel\u00eancia. Mais ainda, \u00e9 o Educador por excel\u00eancia. N\u00f3s, seus disc\u00edpulos, encontramo-nos na sua escola, aprendendo a descobrir na sua vida, ou seja, no caminho por Ele percorrido, um horizonte de sentido capaz de iluminar todas as formas de conhecimento\u201d.\u00a0<\/p>\n<p>N\u00e3o ao pessimismo <\/p>\n<p>\u201cOs desafios atuais podem parecer, por vezes, superiores \u00e0s nossas for\u00e7as, mas n\u00e3o \u00e9 assim\u201d, afirmou o Santo Padre reiterando, \u201cn\u00e3o permitamos que o pessimismo nos ven\u00e7a!\u201d. Citando o Papa Francisco recordou suas palavras sobre o pessimismo quando afirmava que \u201cdevemos trabalhar juntos para libertar a humanidade da escurid\u00e3o do niilismo que a rodeia e que \u00e9, talvez, a doen\u00e7a mais perigosa da cultura contempor\u00e2nea, pois amea\u00e7a \u2018anular\u2019 a esperan\u00e7a\u201d. A refer\u00eancia \u00e0 noite que nos rodeia, disse o Papa, recorda-nos um dos textos mais conhecidos de S\u00e3o John Henry, o hino \u201cLuz terna, suave, leva-me mais longe\u201d. Nessa linda ora\u00e7\u00e3o, percebemos que estamos longe de casa, que temos p\u00e9s vacilantes, que n\u00e3o conseguimos decifrar claramente o horizonte. Mas nada disso nos det\u00e9m, porque encontr\u00e1mos o nosso Guia: Luz terna, suave, no meio da noite, leva-me mais longe\u201d.<\/p>\n<p>    <img decoding=\"async\" src=\"data:image\/gif;base64,R0lGODlhAQABAIAAAAAAAP\/\/\/yH5BAEAAAAALAAAAAABAAEAAAIBRAA7\" data-original=\"https:\/\/www.vaticannews.va\/content\/dam\/vaticannews\/agenzie\/images\/srv\/2025\/11\/01\/2025-11-01-santa-messa-per-il-giubileo-del-mondo-educativo-e-pro\/1761995883548.JPG\/_jcr_content\/renditions\/cq5dam.thumbnail.cropped.750.422.jpeg\" alt=\"O Papa Le\u00e3o XIV ao presidir a missa por ocasi\u00e3o do Jubileu do Mundo Educativo\" title=\"O Papa Le\u00e3o XIV ao presidir a missa por ocasi\u00e3o do Jubileu do Mundo Educativo\"\/><\/p>\n<p>\n   O Papa Le\u00e3o XIV ao presidir a missa por ocasi\u00e3o do Jubileu do Mundo Educativo \u00a0 (@Vatican Media)\n  <\/p>\n<p>Tarefa da educa\u00e7\u00e3o <\/p>\n<p>\u201c\u00c9 tarefa da educa\u00e7\u00e3o oferecer esta Luz Terna \u00e0queles que, de outra forma, poderiam permanecer aprisionados pelas particularmente insidiosas sombras do pessimismo e do medo\u201d reiterou Le\u00e3o. \u201cPor isso, gostaria de vos dizer: desarmemos as falsas raz\u00f5es da resigna\u00e7\u00e3o e da impot\u00eancia e fa\u00e7amos circular no mundo contempor\u00e2neo as grandes raz\u00f5es da esperan\u00e7a\u201d. Encorajando os presentes: \u201cEncorajo-vos a fazer das escolas, das universidades e de todas as realidades educativas, mesmo informais e de rua, limiares de uma civiliza\u00e7\u00e3o de di\u00e1logo e paz\u201d.<\/p>\n<p>Percurso educativo <\/p>\n<p>S\u00e3o John Henry escreveu: \u201cDeus criou-me para lhe prestar um servi\u00e7o espec\u00edfico. Confiou-me uma tarefa que n\u00e3o confiou a outros. Tenho uma miss\u00e3o: talvez n\u00e3o a chegue a conhecer nesta vida, mas ela ser-me-\u00e1 revelada na vida futura\u201d. \u201cNestas palavras\u201d, disse o Papa, \u201cencontramos expresso, de um modo espl\u00eandido, o mist\u00e9rio da dignidade de cada pessoa humana e tamb\u00e9m o da variedade dos dons distribu\u00eddos por Deus\u201d Explicando em seguida:<\/p>\n<p>\u201cA vida ilumina-se n\u00e3o porque somos ricos, bonitos ou poderosos. Ela ilumina-se quando uma pessoa descobre dentro de si esta verdade: sou chamado por Deus, tenho uma voca\u00e7\u00e3o, tenho uma miss\u00e3o, a minha vida serve para algo maior que eu pr\u00f3prio!\u201d (&#8230;) \u201cN\u00e3o o esque\u00e7amos: no centro dos percursos educativos n\u00e3o devem estar indiv\u00edduos abstratos, mas pessoas de carne e osso, especialmente aquelas que parecem n\u00e3o render, segundo os par\u00e2metros de uma economia que exclui e mata. Somos chamados a formar pessoas, para que brilhem como astros em toda a sua dignidade\u201d. Concluindo em seguida: \u201cPortanto, podemos afirmar que a educa\u00e7\u00e3o, na perspectiva crist\u00e3, ajuda todos a tornarem-se santos. Nada menos do que isso\u201d.<\/p>\n<blockquote>\n<p>\u201cRezo para que a educa\u00e7\u00e3o cat\u00f3lica ajude cada um a descobrir a sua voca\u00e7\u00e3o \u00e0 santidade. Santo Agostinho, que S\u00e3o John Henry Newman tanto apreciava, disse uma vez que todos n\u00f3s somos companheiros de estudo com um \u00fanico Mestre, cuja escola se encontra na terra, mas cuja c\u00e1tedra est\u00e1 no c\u00e9u.\u201d<\/p>\n<\/blockquote>\n<p>    <img decoding=\"async\" src=\"data:image\/gif;base64,R0lGODlhAQABAIAAAAAAAP\/\/\/yH5BAEAAAAALAAAAAABAAEAAAIBRAA7\" data-original=\"https:\/\/www.vaticannews.va\/content\/dam\/vaticannews\/agenzie\/images\/srv\/2025\/11\/01\/2025-11-01-santa-messa-per-il-giubileo-del-mondo-educativo-e-pro\/1761997383209.JPG\/_jcr_content\/renditions\/cq5dam.thumbnail.cropped.750.422.jpeg\" alt=\"Cerca de 50 mil pessoas estavam na Pra\u00e7a S\u00e3o Pedro durante a celebra\u00e7\u00e3o\" title=\"Cerca de 50 mil pessoas estavam na Pra\u00e7a S\u00e3o Pedro durante a celebra\u00e7\u00e3o\"\/><\/p>\n<p>\n   Cerca de 50 mil pessoas estavam na Pra\u00e7a S\u00e3o Pedro durante a celebra\u00e7\u00e3o \u00a0 (@Vatican Media)\n  <\/p>\n","protected":false},"excerpt":{"rendered":"Na Solenidade de Todos os Santos, o Papa Le\u00e3o XIV inscreveu S\u00e3o John Henry Newman entre os Doutores&hellip;\n","protected":false},"author":2,"featured_media":135519,"comment_status":"","ping_status":"","sticky":false,"template":"","format":"standard","meta":{"footnotes":""},"categories":[50],"tags":[1330,27,28,15,16,14,3992,25,26,21,22,62,12,13,19,20,811,23,24,10353,17,18,29,30,31,63,64,65],"class_list":{"0":"post-135518","1":"post","2":"type-post","3":"status-publish","4":"format-standard","5":"has-post-thumbnail","7":"category-mundo","8":"tag-jubileu2025","9":"tag-breaking-news","10":"tag-breakingnews","11":"tag-featured-news","12":"tag-featurednews","13":"tag-headlines","14":"tag-jubileu","15":"tag-latest-news","16":"tag-latestnews","17":"tag-main-news","18":"tag-mainnews","19":"tag-mundo","20":"tag-news","21":"tag-noticias","22":"tag-noticias-principais","23":"tag-noticiasprincipais","24":"tag-papa-leao-xiv","25":"tag-principais-noticias","26":"tag-principaisnoticias","27":"tag-santos-e-beatos","28":"tag-top-stories","29":"tag-topstories","30":"tag-ultimas","31":"tag-ultimas-noticias","32":"tag-ultimasnoticias","33":"tag-world","34":"tag-world-news","35":"tag-worldnews"},"share_on_mastodon":{"url":"https:\/\/pubeurope.com\/@pt\/115475247508198735","error":""},"_links":{"self":[{"href":"https:\/\/www.europesays.com\/pt\/wp-json\/wp\/v2\/posts\/135518","targetHints":{"allow":["GET"]}}],"collection":[{"href":"https:\/\/www.europesays.com\/pt\/wp-json\/wp\/v2\/posts"}],"about":[{"href":"https:\/\/www.europesays.com\/pt\/wp-json\/wp\/v2\/types\/post"}],"author":[{"embeddable":true,"href":"https:\/\/www.europesays.com\/pt\/wp-json\/wp\/v2\/users\/2"}],"replies":[{"embeddable":true,"href":"https:\/\/www.europesays.com\/pt\/wp-json\/wp\/v2\/comments?post=135518"}],"version-history":[{"count":0,"href":"https:\/\/www.europesays.com\/pt\/wp-json\/wp\/v2\/posts\/135518\/revisions"}],"wp:featuredmedia":[{"embeddable":true,"href":"https:\/\/www.europesays.com\/pt\/wp-json\/wp\/v2\/media\/135519"}],"wp:attachment":[{"href":"https:\/\/www.europesays.com\/pt\/wp-json\/wp\/v2\/media?parent=135518"}],"wp:term":[{"taxonomy":"category","embeddable":true,"href":"https:\/\/www.europesays.com\/pt\/wp-json\/wp\/v2\/categories?post=135518"},{"taxonomy":"post_tag","embeddable":true,"href":"https:\/\/www.europesays.com\/pt\/wp-json\/wp\/v2\/tags?post=135518"}],"curies":[{"name":"wp","href":"https:\/\/api.w.org\/{rel}","templated":true}]}}