{"id":135522,"date":"2025-11-01T15:54:10","date_gmt":"2025-11-01T15:54:10","guid":{"rendered":"https:\/\/www.europesays.com\/pt\/135522\/"},"modified":"2025-11-01T15:54:10","modified_gmt":"2025-11-01T15:54:10","slug":"mourinho-volta-a-mexer-os-onzes-provaveis-para-o-v-guimaraes-benfica","status":"publish","type":"post","link":"https:\/\/www.europesays.com\/pt\/135522\/","title":{"rendered":"Mourinho volta a mexer: os onzes prov\u00e1veis para o V. Guimar\u00e3es-Benfica"},"content":{"rendered":"<p>Vindo de duas vit\u00f3rias com oito golos marcados e sem qualquer golo sofrido, na antec\u00e2mara da rece\u00e7\u00e3o ao Bayer Leverkusen, o Benfica visita o Vit\u00f3ria de Guimar\u00e3es, este s\u00e1bado, na 10.\u00aa jornada da Liga.<\/p>\n<p>Relativamente ao jogo da Ta\u00e7a da Liga, com o Tondela, Jos\u00e9 Mourinho dever\u00e1 mexer em todos os setores. Come\u00e7ando pela baliza, Anatoliy Trubin tem via aberta para a titularidade, com Samuel Soares a ser relegado para o banco.<\/p>\n<p>A maior d\u00favida dos encarnados reside na lateral-direita, enquanto, no meio-campo, Richard R\u00edos voltar\u00e1 a ter lugar. J\u00e1 na frente, Vangelis Pavlidis, o melhor marcador das \u00e1guias e do campeonato, dever\u00e1 ser o eleito de Mourinho.<\/p>\n<p>No que toca ao V. Guimar\u00e3es, que vem de uma derrota em casa do Famalic\u00e3o (2-0), N\u00e9lson Oliveira dever\u00e1 render o lesionado\u00a0Alioune Ndoye e \u00e9 prov\u00e1vel que Lu\u00eds Pinto n\u00e3o se fique por aqui nas mudan\u00e7as.<\/p>\n<p>Terceiro classificado da Liga, com 21 pontos, o Benfica joga em casa do V. Guimar\u00e3es (11.\u00ba, com 11 pontos), num duelo agendado para as 20h30 e com acompanhamento <a href=\"https:\/\/maisfutebol.iol.pt\/jogo\/v-guimaraes\/benfica\/13828222\" target=\"_blank\" rel=\"nofollow noopener\"><strong>AO MINUTO<\/strong><\/a> no <strong>Maisfutebol<\/strong>.<\/p>\n<p><a href=\"https:\/\/maisfutebol.iol.pt\/fotogaleria\/6905e16dd34e3caad84ac952\/os-onzes-provaveis-do-v-guimaraes-benfica\" target=\"_blank\" rel=\"nofollow noopener\"><strong>Confira, na galeria associada, os onzes prov\u00e1veis para este encontro<\/strong><\/a><\/p>\n","protected":false},"excerpt":{"rendered":"Vindo de duas vit\u00f3rias com oito golos marcados e sem qualquer golo sofrido, na antec\u00e2mara da rece\u00e7\u00e3o ao&hellip;\n","protected":false},"author":2,"featured_media":135523,"comment_status":"","ping_status":"","sticky":false,"template":"","format":"standard","meta":{"footnotes":""},"categories":[8],"tags":[51,27,28,15,16,14,25,26,36,21,22,46,12,13,19,20,9171,30431,7689,32,23,24,33,47,17,18,29,30,31,2119],"class_list":{"0":"post-135522","1":"post","2":"type-post","3":"status-publish","4":"format-standard","5":"has-post-thumbnail","7":"category-principais-noticias","8":"tag-benfica","9":"tag-breaking-news","10":"tag-breakingnews","11":"tag-featured-news","12":"tag-featurednews","13":"tag-headlines","14":"tag-latest-news","15":"tag-latestnews","16":"tag-liga","17":"tag-main-news","18":"tag-mainnews","19":"tag-maisfutebol","20":"tag-news","21":"tag-noticias","22":"tag-noticias-principais","23":"tag-noticiasprincipais","24":"tag-onzes","25":"tag-onzes-iniciais","26":"tag-onzes-provaveis","27":"tag-portugal","28":"tag-principais-noticias","29":"tag-principaisnoticias","30":"tag-pt","31":"tag-pura-paixao","32":"tag-top-stories","33":"tag-topstories","34":"tag-ultimas","35":"tag-ultimas-noticias","36":"tag-ultimasnoticias","37":"tag-vitoria-guimaraes"},"share_on_mastodon":{"url":"https:\/\/pubeurope.com\/@pt\/115475255384473825","error":""},"_links":{"self":[{"href":"https:\/\/www.europesays.com\/pt\/wp-json\/wp\/v2\/posts\/135522","targetHints":{"allow":["GET"]}}],"collection":[{"href":"https:\/\/www.europesays.com\/pt\/wp-json\/wp\/v2\/posts"}],"about":[{"href":"https:\/\/www.europesays.com\/pt\/wp-json\/wp\/v2\/types\/post"}],"author":[{"embeddable":true,"href":"https:\/\/www.europesays.com\/pt\/wp-json\/wp\/v2\/users\/2"}],"replies":[{"embeddable":true,"href":"https:\/\/www.europesays.com\/pt\/wp-json\/wp\/v2\/comments?post=135522"}],"version-history":[{"count":0,"href":"https:\/\/www.europesays.com\/pt\/wp-json\/wp\/v2\/posts\/135522\/revisions"}],"wp:featuredmedia":[{"embeddable":true,"href":"https:\/\/www.europesays.com\/pt\/wp-json\/wp\/v2\/media\/135523"}],"wp:attachment":[{"href":"https:\/\/www.europesays.com\/pt\/wp-json\/wp\/v2\/media?parent=135522"}],"wp:term":[{"taxonomy":"category","embeddable":true,"href":"https:\/\/www.europesays.com\/pt\/wp-json\/wp\/v2\/categories?post=135522"},{"taxonomy":"post_tag","embeddable":true,"href":"https:\/\/www.europesays.com\/pt\/wp-json\/wp\/v2\/tags?post=135522"}],"curies":[{"name":"wp","href":"https:\/\/api.w.org\/{rel}","templated":true}]}}