{"id":135540,"date":"2025-11-01T16:13:17","date_gmt":"2025-11-01T16:13:17","guid":{"rendered":"https:\/\/www.europesays.com\/pt\/135540\/"},"modified":"2025-11-01T16:13:17","modified_gmt":"2025-11-01T16:13:17","slug":"sem-papas-na-lingua-liliana-confronta-pedro-jorge-fazes-para-provocar-o-fabio","status":"publish","type":"post","link":"https:\/\/www.europesays.com\/pt\/135540\/","title":{"rendered":"Sem papas na l\u00edngua, Liliana confronta Pedro Jorge: \u00abFazes para provocar o F\u00e1bio?\u00bb"},"content":{"rendered":"<p>No Secret Story 9, Pedro convidou Liliana para um almo\u00e7o a dois e comentam a forma como F\u00e1bio vai reagir. Pedro garante que n\u00e3o tem nenhum interesse amoroso e Liliana confirma que n\u00e3o v\u00ea maldade. Na casa, Ana Cristina questiona porque \u00e9 que Pedro convidou Liliana para almo\u00e7ar e F\u00e1bio contesta que \u00e9 a concorrente que tem de responder. De volta ao almo\u00e7o, respondendo a Liliana, Pedro assume que retirava Marisa Susana do \u201cquarteto fant\u00e1stico\u201d, porque a concorrente provoca e n\u00e3o sabe usar as rea\u00e7\u00f5es para seu proveito e perde-se, ao contr\u00e1rio de Marisa que \u00e9 coerente e constante naquilo que faz. J\u00e1 Liliana, eliminava Marisa, porque apesar de gostar da concorrente, tem atitudes que a deixam de p\u00e9 atr\u00e1s. Em confession\u00e1rio, F\u00e1bio p\u00f5e em causa a confian\u00e7a que depositou em Liliana.<\/p>\n","protected":false},"excerpt":{"rendered":"No Secret Story 9, Pedro convidou Liliana para um almo\u00e7o a dois e comentam a forma como F\u00e1bio&hellip;\n","protected":false},"author":2,"featured_media":135541,"comment_status":"","ping_status":"","sticky":false,"template":"","format":"standard","meta":{"footnotes":""},"categories":[142],"tags":[114,115,19016,21416,32,33,151],"class_list":{"0":"post-135540","1":"post","2":"type-post","3":"status-publish","4":"format-standard","5":"has-post-thumbnail","7":"category-tv","8":"tag-entertainment","9":"tag-entretenimento","10":"tag-liliana","11":"tag-pedro-jorge","12":"tag-portugal","13":"tag-pt","14":"tag-tv"},"share_on_mastodon":{"url":"https:\/\/pubeurope.com\/@pt\/115475330036941927","error":""},"_links":{"self":[{"href":"https:\/\/www.europesays.com\/pt\/wp-json\/wp\/v2\/posts\/135540","targetHints":{"allow":["GET"]}}],"collection":[{"href":"https:\/\/www.europesays.com\/pt\/wp-json\/wp\/v2\/posts"}],"about":[{"href":"https:\/\/www.europesays.com\/pt\/wp-json\/wp\/v2\/types\/post"}],"author":[{"embeddable":true,"href":"https:\/\/www.europesays.com\/pt\/wp-json\/wp\/v2\/users\/2"}],"replies":[{"embeddable":true,"href":"https:\/\/www.europesays.com\/pt\/wp-json\/wp\/v2\/comments?post=135540"}],"version-history":[{"count":0,"href":"https:\/\/www.europesays.com\/pt\/wp-json\/wp\/v2\/posts\/135540\/revisions"}],"wp:featuredmedia":[{"embeddable":true,"href":"https:\/\/www.europesays.com\/pt\/wp-json\/wp\/v2\/media\/135541"}],"wp:attachment":[{"href":"https:\/\/www.europesays.com\/pt\/wp-json\/wp\/v2\/media?parent=135540"}],"wp:term":[{"taxonomy":"category","embeddable":true,"href":"https:\/\/www.europesays.com\/pt\/wp-json\/wp\/v2\/categories?post=135540"},{"taxonomy":"post_tag","embeddable":true,"href":"https:\/\/www.europesays.com\/pt\/wp-json\/wp\/v2\/tags?post=135540"}],"curies":[{"name":"wp","href":"https:\/\/api.w.org\/{rel}","templated":true}]}}