{"id":135542,"date":"2025-11-01T16:16:16","date_gmt":"2025-11-01T16:16:16","guid":{"rendered":"https:\/\/www.europesays.com\/pt\/135542\/"},"modified":"2025-11-01T16:16:16","modified_gmt":"2025-11-01T16:16:16","slug":"jogo-a-bola-num-grande-clube-e-apaixonei-me-por-um-colega-de-equipa-nao-sei-como-viver-este-amor","status":"publish","type":"post","link":"https:\/\/www.europesays.com\/pt\/135542\/","title":{"rendered":"Jogo \u00e0 bola num grande clube e apaixonei-me por um colega de equipa: \u00abN\u00e3o sei como viver este amor\u00bb"},"content":{"rendered":"<p><strong>Todas as semanas, publicamos um\u00a0<a href=\"https:\/\/tvi.iol.pt\/vmais\/historias-de-amor\/milionario\/casei-com-um-milionario-aquilo-que-mais-me-fascinou-nele-nao-foi-o-dinheiro\" wbo-id=\"31\" rel=\"nofollow noopener\" target=\"_blank\">conto ficcional<\/a>\u00a0sobre o amor, a partir de um caso real<\/strong><\/p>\n<p><strong>Chamo-me F\u00e1bio, tenho quase 23 anos,<\/strong> e desde que me lembro o futebol foi o centro de tudo. A bola era \u2014 e continua a ser \u2014 o meu mundo. Desde mi\u00fado que \u00e9 ela a raz\u00e3o por que acordo cedo, por que digo n\u00e3o a tudo o resto. Enquanto os outros rapazes falavam de festas, de raparigas, de carros ou sa\u00eddas \u00e0 noite, eu s\u00f3 pensava em treinar. Queria ser o melhor. Sempre quis<strong>. O cheiro da relva molhada nas manh\u00e3s frias,<\/strong> o som das chuteiras a bater na terra, o peso da bola nos dias de chuva \u2014 tudo isso fazia parte de mim. Havia uma pureza naquele tempo, uma esp\u00e9cie de f\u00e9 cega na ideia de que o esfor\u00e7o traz sempre recompensa. E foi essa f\u00e9 que me guiou desde o campo pequeno do clube da terra at\u00e9 \u00e0s luzes intensas de um grande est\u00e1dio em Lisboa.<\/p>\n<p><strong>Quando cheguei ao clube, senti que tudo o que tinha sonhado se tornava real. <\/strong>Lembro-me do primeiro treino, do nervosismo a queimar-me o est\u00f4mago e da vontade de provar que merecia estar ali. Quatro anos depois, continuo a vestir a mesma camisola, a viver o mesmo sonho \u2014 mas tamb\u00e9m a lidar com o pre\u00e7o dele: a solid\u00e3o. O futebol \u00e9 paix\u00e3o, mas \u00e9 tamb\u00e9m isolamento. Vive-se para o treino, para o jogo, para o corpo, para a disciplina. E<strong>, no meio de tanta exig\u00eancia, sobra pouco espa\u00e7o para o resto<\/strong>. Tive namoradas, algumas rela\u00e7\u00f5es curtas, distra\u00e7\u00f5es de passagem. Mas a verdade \u00e9 que nada disso me prendeu. Sempre fui distante, sempre guardei o melhor e o pior de mim para dentro. Nunca deixei que ningu\u00e9m chegasse verdadeiramente perto.<\/p>\n<p>At\u00e9 que esta \u00e9poca come\u00e7ou.<\/p>\n<p><strong>Chegaram cinco refor\u00e7os ao plantel e, entre eles, o Raposo.<\/strong> Tinha vinte anos, um mi\u00fado ainda, mas com um talento que chamava a aten\u00e7\u00e3o de todos \u2014 daqueles que tocam na bola e fazem tudo parecer simples. Desde o primeiro treino percebi que era diferente. N\u00e3o pelo que dizia, mas pela forma como vivia o jogo. Era s\u00e9rio, met\u00f3dico, disciplinado. Como eu. Havia nele uma concentra\u00e7\u00e3o que me era familiar, uma maneira de encarar o futebol quase como um ritual. Era dos primeiros a chegar, dos \u00faltimos a sair. N\u00e3o se deixava distrair por nada: nem pelas redes sociais, nem pelo brilho dos carros, nem pelos olhares das pessoas. Tinha uma maturidade que me intrigava.<\/p>\n<p><strong>Aos poucos, come\u00e7\u00e1mos a aproximar-nos. Primeiro dentro de campo, em treinos e aquecimentos.<\/strong> Depois, nas pequenas rotinas fora dele. Partilh\u00e1vamos conselhos, troc\u00e1vamos truques de recupera\u00e7\u00e3o, fic\u00e1vamos a bater bolas depois dos treinos, em sil\u00eancio, s\u00f3 a repetir gestos at\u00e9 \u00e0 exaust\u00e3o. Com o tempo, aquilo tornou-se natural. \u00cdamos juntos ao gin\u00e1sio, fal\u00e1vamos sobre nutri\u00e7\u00e3o, sobre o corpo, sobre a press\u00e3o que o futebol imp\u00f5e. Fal\u00e1vamos pouco, mas entend\u00edamo-nos bem. Era raro encontrar algu\u00e9m que visse o jogo como eu via: como um compromisso total. <strong>Com ele, senti-me compreendido de uma forma nova<\/strong> \u2014 e talvez tenha sido isso que come\u00e7ou a mexer comigo.<\/p>\n<p><strong>Comecei a perceber que pensava demais nele<\/strong>. No que fazia, no que dizia, no que o fazia rir. Era uma liga\u00e7\u00e3o silenciosa, imposs\u00edvel de nomear. Havia algo ali que me tirava o ch\u00e3o, um tipo de energia que me deixava inquieto. N\u00e3o era paix\u00e3o, n\u00e3o era amizade, ou talvez fosse um pouco das duas coisas. Era algo entre n\u00f3s, algo que escapava \u00e0 raz\u00e3o e me apanhava desprevenido. Pela primeira vez, o futebol n\u00e3o era o \u00fanico centro da minha vida. E isso assustou-me.<\/p>\n<p><strong>Tentei afastar-me, recuperar o foco. <\/strong>Disse a mim pr\u00f3prio que precisava de voltar a ser o F\u00e1bio de sempre \u2014 o profissional frio, o rapaz disciplinado que n\u00e3o se deixa distrair. Mas quanto mais tentava fugir, mais me perdia. Comecei a falhar passes, a hesitar em campo, a treinar sem concentra\u00e7\u00e3o. Fui chamado \u00e0 aten\u00e7\u00e3o. Acabei no banco. O Raposo notou a dist\u00e2ncia, perguntou-me se estava tudo bem, e eu, incapaz de dizer a verdade, calei-me. Ele afastou-se tamb\u00e9m, e, de repente, aquilo que t\u00ednhamos \u2014 a cumplicidade, a rotina, o olhar c\u00famplice antes dos jogos \u2014 desapareceu. A \u00e9poca tornou-se longa, pesada, feita de sil\u00eancios e de uma aus\u00eancia que n\u00e3o sabia como preencher.<\/p>\n<p><strong>No final do campeonato, o Raposo foi transferido para Espanha.<\/strong> No dia em que se despediu, troc\u00e1mos apenas um <strong>abra\u00e7o r\u00e1pido, daqueles que querem dizer mais do que se pode dizer em voz alta.<\/strong> Foi ali que percebi que algo dentro de mim se partia \u2014 n\u00e3o por ele ir embora, mas por eu n\u00e3o saber lidar com o que ficava. Desde ent\u00e3o, a rotina continua igual: treino, jogo, descanso. Mas h\u00e1 um vazio novo no meio disso tudo. O futebol, que antes era tudo o que eu tinha, j\u00e1 n\u00e3o me basta.<\/p>\n<p><strong>Talvez porque, pela primeira vez, algu\u00e9m me mostrou que h\u00e1 mais na vida do que correr atr\u00e1s de uma bola.<\/strong> Que h\u00e1 outro tipo de liga\u00e7\u00e3o \u2014 humana, verdadeira \u2014 que tamb\u00e9m faz parte de n\u00f3s, mesmo quando n\u00e3o sabemos dar-lhe nome. N\u00e3o sei o que este sentimento quer dizer. Hoje, quando entro em campo, j\u00e1 n\u00e3o jogo s\u00f3 por mim. Jogo tamb\u00e9m por tudo aquilo que ficou por dizer, pelas palavras que engoli, pelas conversas que nunca tivemos, pelas emo\u00e7\u00f5es que n\u00e3o soube nomear. Jogo por aquilo que ainda me confunde e, ao mesmo tempo, me d\u00e1 sentido. Jogo por essa mem\u00f3ria que vive comigo, que me acompanha em cada treino, em cada golo, em cada sil\u00eancio depois do apito final.<\/p>\n<p><strong>Por vezes, imagino que um dia o volto a ver. <\/strong>N\u00e3o sei o que diria. Talvez n\u00e3o dissesse nada \u2014 talvez bastasse o olhar. Mas \u00e0s vezes sonho que terei coragem de dizer tudo o que n\u00e3o disse, de gritar ao mundo este sentimento que guardei em segredo. De o chamar pelo nome certo, sem medo, sem vergonha, sem d\u00favida.<\/p>\n<p><strong>Talvez esse dia nunca chegue. Mas se um dia acontecer \u2014 se um dia tiver coragem de o dizer em voz alta \u2014<\/strong> sei que ser\u00e1 o momento em que serei, pela primeira vez, verdadeiramente livre. Livre ao viver um grande amor.<\/p>\n<p>E talvez, nesse dia, o futebol volte a ser o que sempre foi para mim: <strong>um campo aberto, onde se corre n\u00e3o s\u00f3 por vit\u00f3rias, mas tamb\u00e9m por aquilo que nos faz humanos.<\/strong><\/p>\n<p>Este conte\u00fado contou com a participa\u00e7\u00e3o de intelig\u00eancia artificial na sua elabora\u00e7\u00e3o.<\/p>\n<p><strong>Veja tamb\u00e9m:<\/strong><\/p>\n<p><a href=\"https:\/\/tvi.iol.pt\/vmais\/historias-de-amor\/casal\/ficamos-juntos-quando-ja-era-tarde-demais-a-ines-foi-o-meu-amor-certo-no-tempo-errado\" target=\"_blank\" rel=\"nofollow noopener\">Fic\u00e1mos juntos\u2026 quando j\u00e1 era tarde demais: \u00abA In\u00eas foi o meu amor certo no tempo errado\u00bb<\/a><\/p>\n<p><a href=\"https:\/\/tvi.iol.pt\/vmais\/historias-de-amor\/casal\/fiquei-viuvo-aos-38-anos-estas-sao-as-palavras-que-queria-ter-dito-a-minha-mulher-ela-nunca-sabera\" target=\"_blank\" rel=\"nofollow noopener\">Fiquei vi\u00favo aos 38 anos. Estas s\u00e3o as palavras que queria ter dito \u00e0 minha mulher: \u00abEla nunca saber\u00e1\u00bb<\/a><\/p>\n<p><a href=\"https:\/\/tvi.iol.pt\/vmais\/historias-de-amor\/casamento\/sou-mulher-de-um-jogador-de-futebol-e-envolvi-me-com-um-colega-de-equipa-destrui-a-carreira-dele\" target=\"_blank\" rel=\"nofollow noopener\">Sou mulher de um jogador de futebol e envolvi-me com um colega de equipa: \u00abDestru\u00ed a carreira dele\u00bb<\/a><\/p>\n","protected":false},"excerpt":{"rendered":"Todas as semanas, publicamos um\u00a0conto ficcional\u00a0sobre o amor, a partir de um caso real Chamo-me F\u00e1bio, tenho quase&hellip;\n","protected":false},"author":2,"featured_media":135543,"comment_status":"","ping_status":"","sticky":false,"template":"","format":"standard","meta":{"footnotes":""},"categories":[87],"tags":[73,72,66,1651,135,77,69,524,5695,75,71,67,32,33,5870,76,74,134,70,35,78,68],"class_list":{"0":"post-135542","1":"post","2":"type-post","3":"status-publish","4":"format-standard","5":"has-post-thumbnail","7":"category-desporto","8":"tag-a-jornada","9":"tag-bate-bola","10":"tag-bom-dia-alegria","11":"tag-casal","12":"tag-desporto","13":"tag-estudio-estadio","14":"tag-fanaticos","15":"tag-futebol","16":"tag-historias-de-amor","17":"tag-livre-e-direto","18":"tag-nova-geracao","19":"tag-para-si","20":"tag-portugal","21":"tag-pt","22":"tag-relacao","23":"tag-segredos-do-prazer","24":"tag-segue-o-jogo","25":"tag-sports","26":"tag-super-craques","27":"tag-transferencias","28":"tag-v-fama","29":"tag-var-aberto"},"share_on_mastodon":{"url":"https:\/\/pubeurope.com\/@pt\/115475342097488272","error":""},"_links":{"self":[{"href":"https:\/\/www.europesays.com\/pt\/wp-json\/wp\/v2\/posts\/135542","targetHints":{"allow":["GET"]}}],"collection":[{"href":"https:\/\/www.europesays.com\/pt\/wp-json\/wp\/v2\/posts"}],"about":[{"href":"https:\/\/www.europesays.com\/pt\/wp-json\/wp\/v2\/types\/post"}],"author":[{"embeddable":true,"href":"https:\/\/www.europesays.com\/pt\/wp-json\/wp\/v2\/users\/2"}],"replies":[{"embeddable":true,"href":"https:\/\/www.europesays.com\/pt\/wp-json\/wp\/v2\/comments?post=135542"}],"version-history":[{"count":0,"href":"https:\/\/www.europesays.com\/pt\/wp-json\/wp\/v2\/posts\/135542\/revisions"}],"wp:featuredmedia":[{"embeddable":true,"href":"https:\/\/www.europesays.com\/pt\/wp-json\/wp\/v2\/media\/135543"}],"wp:attachment":[{"href":"https:\/\/www.europesays.com\/pt\/wp-json\/wp\/v2\/media?parent=135542"}],"wp:term":[{"taxonomy":"category","embeddable":true,"href":"https:\/\/www.europesays.com\/pt\/wp-json\/wp\/v2\/categories?post=135542"},{"taxonomy":"post_tag","embeddable":true,"href":"https:\/\/www.europesays.com\/pt\/wp-json\/wp\/v2\/tags?post=135542"}],"curies":[{"name":"wp","href":"https:\/\/api.w.org\/{rel}","templated":true}]}}