{"id":135551,"date":"2025-11-01T16:24:12","date_gmt":"2025-11-01T16:24:12","guid":{"rendered":"https:\/\/www.europesays.com\/pt\/135551\/"},"modified":"2025-11-01T16:24:12","modified_gmt":"2025-11-01T16:24:12","slug":"farioli-e-o-braga-vamos-mudar-o-chip-e-voltar-ao-que-eramos-no-inicio-da-epoca","status":"publish","type":"post","link":"https:\/\/www.europesays.com\/pt\/135551\/","title":{"rendered":"Farioli e o Braga: &#8220;Vamos mudar o chip e voltar ao que \u00e9ramos no in\u00edcio da \u00e9poca&#8221;"},"content":{"rendered":"<p data-remotead-prev-elm=\"true\" data-remotead-elm-id=\"inread\">&#8220;Est\u00e3o num momento muito bom, o melhor da \u00e9poca e com boa s\u00e9rie de resultados, no campeonato e nas ta\u00e7as. Vamos ter de estar no nosso melhor&#8221;, referiu o t\u00e9cnico portista, antes de aprofundar a an\u00e1lise ao advers\u00e1rio da 10.\u00aa jornada em que o F. C. Porto procura recuperar a lideran\u00e7a isolada do campeonato.<\/p>\n<p>&#8220;O Braga mudou um pouco nas \u00faltimas semanas, tornou-se mais agressivo e acho que v\u00e3o ser corajosos no Drag\u00e3o. Hoje mostrei estat\u00edsticas defensivas aos jogadores e o Braga defende muito alto, agressiva nos duelos e acho que v\u00e3o encarar o jogo desta forma. Vai ser um jogo cara a cara, com campo aberto, muitos duelos e situa\u00e7\u00f5es de homem a homem&#8221;, detalhou, reconhecendo que vai ser necess\u00e1rio reajustar a postura da equipa.<\/p>\n<p>O importante \u00e9 fazer as coisas bem feitas, com furor, energia, determina\u00e7\u00e3o e paix\u00e3o. Se n\u00e3o conseguirmos entrar na defesa \u00e0 primeira temos de tentar \u00e0 segunda. Com o Braga vai ser diferente, por causa do estilo e vamos ter de mudar o chip e voltar ao que \u00e9ramos no in\u00edcio da \u00e9poca&#8221;, afirmou Farioli.<\/p>\n<p data-remotead-prev-elm=\"true\" data-remotead-elm-id=\"centro1\">A prop\u00f3sito das dificuldades sentidas em Moreira de C\u00f3negos, na vit\u00f3ria por 2-1, o treinador italiano reconheceu que perante advers\u00e1rios que jogam com bloco baixo \u00e9 preciso mais paci\u00eancia e convidou os comentadores a analisarem as partidas &#8220;de cabe\u00e7a fria&#8221;.<\/p>\n<p>&#8220;Se os advers\u00e1rios n\u00e3o sobem no terreno, n\u00e3o sobem. Estou curioso para saber quantos de voc\u00eas revem os jogos com a cabe\u00e7a fria. \u00c0s vezes os coment\u00e1rios s\u00e3o feitos no calor do momento. Contra o Moreirense entr\u00e1mos 36 vezes na \u00e1rea e eles seis, fizemos quase dez remates no alvo e eles um, com desvio que deu golo. Tentar destruir o jogo \u00e9 mais f\u00e1cil do que construir. Aconteceu em Moreira, em Nottingham: temos de ser mais pacientes e n\u00e3o atacar \u00e0 maluca. Temos de nos ajustar e analisar as coisas de forma fria. Na \u00faltima \u00e9poca, em Moreira de C\u00f3negos, t\u00ednhamos menos 11 pontos, acho que estamos no bom caminho&#8221;, especificou.<\/p>\n<p>Assumindo que Luuk de Jong n\u00e3o volta a competir antes da pr\u00f3xima paragem internacional, tal como o JN j\u00e1 avan\u00e7ou, Farioli abordou a escolha dos extremos para a equipa inicial: &#8220;A \u00e9poca \u00e9 longa, vamos ter de mudar os alas e experimentar v\u00e1rios cen\u00e1rios. O Pep\u00ea joga em mais posi\u00e7\u00f5es, o Borja \u00e9 mais um extremo puro, o William pode jogar nos dois lados e ainda temos o Alarc\u00f3n e o Karamoh. Vai sempre depender do jogo em causa&#8221;.<\/p>\n","protected":false},"excerpt":{"rendered":"&#8220;Est\u00e3o num momento muito bom, o melhor da \u00e9poca e com boa s\u00e9rie de resultados, no campeonato e&hellip;\n","protected":false},"author":2,"featured_media":135552,"comment_status":"","ping_status":"","sticky":false,"template":"","format":"standard","meta":{"footnotes":""},"categories":[8],"tags":[1912,27,28,135,20558,15,16,1011,14,25,26,21,22,12,13,19,20,32,23,24,33,17,18,29,30,31],"class_list":{"0":"post-135551","1":"post","2":"type-post","3":"status-publish","4":"format-standard","5":"has-post-thumbnail","7":"category-principais-noticias","8":"tag-braga","9":"tag-breaking-news","10":"tag-breakingnews","11":"tag-desporto","12":"tag-f-c-porto","13":"tag-featured-news","14":"tag-featurednews","15":"tag-francesco-farioli","16":"tag-headlines","17":"tag-latest-news","18":"tag-latestnews","19":"tag-main-news","20":"tag-mainnews","21":"tag-news","22":"tag-noticias","23":"tag-noticias-principais","24":"tag-noticiasprincipais","25":"tag-portugal","26":"tag-principais-noticias","27":"tag-principaisnoticias","28":"tag-pt","29":"tag-top-stories","30":"tag-topstories","31":"tag-ultimas","32":"tag-ultimas-noticias","33":"tag-ultimasnoticias"},"share_on_mastodon":{"url":"https:\/\/pubeurope.com\/@pt\/115475373410482968","error":""},"_links":{"self":[{"href":"https:\/\/www.europesays.com\/pt\/wp-json\/wp\/v2\/posts\/135551","targetHints":{"allow":["GET"]}}],"collection":[{"href":"https:\/\/www.europesays.com\/pt\/wp-json\/wp\/v2\/posts"}],"about":[{"href":"https:\/\/www.europesays.com\/pt\/wp-json\/wp\/v2\/types\/post"}],"author":[{"embeddable":true,"href":"https:\/\/www.europesays.com\/pt\/wp-json\/wp\/v2\/users\/2"}],"replies":[{"embeddable":true,"href":"https:\/\/www.europesays.com\/pt\/wp-json\/wp\/v2\/comments?post=135551"}],"version-history":[{"count":0,"href":"https:\/\/www.europesays.com\/pt\/wp-json\/wp\/v2\/posts\/135551\/revisions"}],"wp:featuredmedia":[{"embeddable":true,"href":"https:\/\/www.europesays.com\/pt\/wp-json\/wp\/v2\/media\/135552"}],"wp:attachment":[{"href":"https:\/\/www.europesays.com\/pt\/wp-json\/wp\/v2\/media?parent=135551"}],"wp:term":[{"taxonomy":"category","embeddable":true,"href":"https:\/\/www.europesays.com\/pt\/wp-json\/wp\/v2\/categories?post=135551"},{"taxonomy":"post_tag","embeddable":true,"href":"https:\/\/www.europesays.com\/pt\/wp-json\/wp\/v2\/tags?post=135551"}],"curies":[{"name":"wp","href":"https:\/\/api.w.org\/{rel}","templated":true}]}}