{"id":135561,"date":"2025-11-01T16:32:31","date_gmt":"2025-11-01T16:32:31","guid":{"rendered":"https:\/\/www.europesays.com\/pt\/135561\/"},"modified":"2025-11-01T16:32:31","modified_gmt":"2025-11-01T16:32:31","slug":"pni-divulga-estrategia-de-vacinacao-contra-o-vsr-em-gestantes","status":"publish","type":"post","link":"https:\/\/www.europesays.com\/pt\/135561\/","title":{"rendered":"PNI divulga estrat\u00e9gia de vacina\u00e7\u00e3o contra o VSR em gestantes"},"content":{"rendered":"<p>O Programa Nacional de Imuniza\u00e7\u00f5es (PNI) detalhou a estrat\u00e9gia de vacina\u00e7\u00e3o de gestantes contra o v\u00edrus sincicial respirat\u00f3rio (VSR) no SUS, prevista para ser iniciada na segunda quinzena de novembro. A vacina estar\u00e1 dispon\u00edvel para mulheres a partir da 28\u00aa semana gestacional, sem restri\u00e7\u00e3o de idade materna, ao longo de todo o ano, independentemente da sazonalidade do v\u00edrus.<\/p>\n<p>A meta \u00e9 vacinar ao menos 80% das gestantes. Com isso, espera-se reduzir a ocorr\u00eancia de quadros graves associados ao v\u00edrus em beb\u00eas, especialmente nos menores de 6 meses, e a sobrecarga dos servi\u00e7os de sa\u00fade da rede p\u00fablica.<\/p>\n<p>Al\u00e9m da vacina para gestantes, o anticorpo monoclonal nirsevimabe ser\u00e1 oferecido a partir de 2026 pelo PNI para prematuros e crian\u00e7as de at\u00e9 2 anos com determinadas comorbidades. Atualmente, o SUS utiliza para a preven\u00e7\u00e3o do VSR o palivizumabe, administrado no primeiro ano de vida em prematuros nascidos com at\u00e9 28 semanas gestacionais e em crian\u00e7as com at\u00e9 2 anos que vivem com cardiopatia cong\u00eanita e\/ou doen\u00e7a pulmonar cr\u00f4nica.<\/p>\n<p><strong>Epidemiologia<\/strong><\/p>\n<p>Em 2025, at\u00e9 09 de agosto, foram notificados 38.547 casos de S\u00edndrome Respirat\u00f3ria Aguda Grave (SRAG) por VSR no Brasil. A faixa mais acometida foi a de menores de 2 anos, que contabilizou 31.493 hospitaliza\u00e7\u00f5es e 236 \u00f3bitos, das quais 20.719 e 162, respectivamente, ocorreram em menores de 6 meses.<\/p>\n<p>Leia a <a href=\"https:\/\/sbim.org.br\/images\/Estrategia-de-Vacinacao-contra-o-VirusSincicialRespiratorio-em-Gestantes.pdf_2025-10-30.pdf\" target=\"_blank\" rel=\"noopener noreferrer nofollow\">Nota T\u00e9cnica<\/a>.<\/p>\n","protected":false},"excerpt":{"rendered":"O Programa Nacional de Imuniza\u00e7\u00f5es (PNI) detalhou a estrat\u00e9gia de vacina\u00e7\u00e3o de gestantes contra o v\u00edrus sincicial respirat\u00f3rio&hellip;\n","protected":false},"author":2,"featured_media":135562,"comment_status":"","ping_status":"","sticky":false,"template":"","format":"standard","meta":{"footnotes":""},"categories":[86],"tags":[3133,3131,3136,3138,3137,116,3130,3134,32,3140,3139,33,3135,117,896,3129,3132,2820],"class_list":{"0":"post-135561","1":"post","2":"type-post","3":"status-publish","4":"format-standard","5":"has-post-thumbnail","7":"category-saude","8":"tag-calendario-de-vacinacao","9":"tag-campanhas-de-saude","10":"tag-doencas-preveniveis","11":"tag-eventos-medicos","12":"tag-guias-de-vacinacao","13":"tag-health","14":"tag-imunizacao","15":"tag-imunizacoes-no-brasil","16":"tag-portugal","17":"tag-prevencao-de-doencas","18":"tag-programas-de-vacinacao","19":"tag-pt","20":"tag-publicacoes-medicas","21":"tag-saude","22":"tag-saude-publica","23":"tag-sbim","24":"tag-vacina-covid-19","25":"tag-vacinacao"},"share_on_mastodon":{"url":"https:\/\/pubeurope.com\/@pt\/115475404854011335","error":""},"_links":{"self":[{"href":"https:\/\/www.europesays.com\/pt\/wp-json\/wp\/v2\/posts\/135561","targetHints":{"allow":["GET"]}}],"collection":[{"href":"https:\/\/www.europesays.com\/pt\/wp-json\/wp\/v2\/posts"}],"about":[{"href":"https:\/\/www.europesays.com\/pt\/wp-json\/wp\/v2\/types\/post"}],"author":[{"embeddable":true,"href":"https:\/\/www.europesays.com\/pt\/wp-json\/wp\/v2\/users\/2"}],"replies":[{"embeddable":true,"href":"https:\/\/www.europesays.com\/pt\/wp-json\/wp\/v2\/comments?post=135561"}],"version-history":[{"count":0,"href":"https:\/\/www.europesays.com\/pt\/wp-json\/wp\/v2\/posts\/135561\/revisions"}],"wp:featuredmedia":[{"embeddable":true,"href":"https:\/\/www.europesays.com\/pt\/wp-json\/wp\/v2\/media\/135562"}],"wp:attachment":[{"href":"https:\/\/www.europesays.com\/pt\/wp-json\/wp\/v2\/media?parent=135561"}],"wp:term":[{"taxonomy":"category","embeddable":true,"href":"https:\/\/www.europesays.com\/pt\/wp-json\/wp\/v2\/categories?post=135561"},{"taxonomy":"post_tag","embeddable":true,"href":"https:\/\/www.europesays.com\/pt\/wp-json\/wp\/v2\/tags?post=135561"}],"curies":[{"name":"wp","href":"https:\/\/api.w.org\/{rel}","templated":true}]}}