{"id":135573,"date":"2025-11-01T16:40:11","date_gmt":"2025-11-01T16:40:11","guid":{"rendered":"https:\/\/www.europesays.com\/pt\/135573\/"},"modified":"2025-11-01T16:40:11","modified_gmt":"2025-11-01T16:40:11","slug":"concurso-de-fotografia-da-nikon-revela-a-beleza-oculta-do-mundo-microscopico-veja-as-melhores-imagens","status":"publish","type":"post","link":"https:\/\/www.europesays.com\/pt\/135573\/","title":{"rendered":"Concurso de fotografia da Nikon revela a beleza oculta do mundo microsc\u00f3pico. Veja as melhores imagens"},"content":{"rendered":"<p><strong>J\u00e1 s\u00e3o conhecidos os vencedores da competi\u00e7\u00e3o de microfotografia Small World, organizada pela Nikon.<\/strong> Na sua 51.\u00aa edi\u00e7\u00e3o, o concurso premeia as <strong>mais impressionantes imagens captadas por cientistas, artistas e fot\u00f3grafos<\/strong>, selecionadas de entre milhares de fotografias vindas de um pouco por todo o mundo.<\/p>\n<p><b id=\"s-b-embed-6905\" data-stringify-type=\"bold\">N\u00e3o perca nenhuma not\u00edcia importante da atualidade de tecnologia e\u00a0<\/b><b><a href=\"https:\/\/tek.sapo.pt\/\" target=\"_blank\" id=\"s-a-embed-6905\" rel=\"noreferrer noopener nofollow\" data-stringify-link=\"https:\/\/teknoticias.us15.list-manage.com\/subscribe?u=9a06a5af5e9150806abc02bae&amp;id=ef9b27090d\" data-sk=\"tooltip_parent\">acompanhe tudo em tek.sapo.pt<\/a><\/b><\/p>\n<p><strong>Este ano, a grande vencedora foi uma imagem captada por Zhang You<\/strong>, membro da Sociedade Entomol\u00f3gica da China e da Sociedade Entomol\u00f3gica da prov\u00edncia de Yunnan, <strong>e retrata um gorgulho da esp\u00e9cie Sitophilus oryzae.<\/strong><\/p>\n<p>De asas totalmente abertas e pousado num gr\u00e3o de arroz, este pequeno insecto \u201ccongelado\u201d no tempo apresenta uma oportunidade de observar a estrutura e comportamento de uma das pragas agr\u00edcolas mais comuns, real\u00e7a a Nikon <a href=\"https:\/\/www.microscope.healthcare.nikon.com\/pt_EU\/about\/news\/nikon-small-world-honors-51st-annual-photomicrography-competition\" rel=\"nofollow noopener\" target=\"_blank\">em comunicado<\/a>.<\/p>\n<p>Clique nas imagens para ver com mais detalhe<\/p>\n<p><strong>Para captar a foto vencedora, Zhang You,<\/strong> que conquistou tamb\u00e9m o 15.\u00ba lugar na competi\u00e7\u00e3o com uma fotografia de uma tra\u00e7a da fam\u00edlia Geometridae a depositar ovos, <strong>captou mais de 100 imagens, compostas depois atrav\u00e9s de um longo processo de duas semanas.<\/strong><\/p>\n<p><strong>No segundo lugar da competi\u00e7\u00e3o encontramos uma imagem captada por Jan Rosenboom<\/strong> (Alemanha), onde \u00e9 poss\u00edvel ver esferas de algas do tipo Volvox \u201cpresas\u201d numa gota de \u00e1gua. <strong>A fechar o \u201cp\u00f3dio\u201d est\u00e1 uma fotografia de John-Oliver Dum<\/strong> (Alemanha), que retrata um conjunto de gr\u00e3os de p\u00f3len presos na teia de uma aranha.<\/p>\n<p><strong>Ao todo, a 51.\u00aa edi\u00e7\u00e3o da competi\u00e7\u00e3o de microfotografia destacou 71 imagens<\/strong>, entre vencedores, men\u00e7\u00f5es honrosas e outras distin\u00e7\u00f5es. <strong>Pode ver toda a cole\u00e7\u00e3o da edi\u00e7\u00e3o deste ano no <a href=\"https:\/\/www.nikonsmallworld.com\/galleries\/2025-photomicrography-competition\" rel=\"nofollow noopener\" target=\"_blank\">website da iniciativa<\/a>.<\/strong><\/p>\n<p>Assine a\u00a0<a href=\"https:\/\/teknoticias.us15.list-manage.com\/subscribe?u=9a06a5af5e9150806abc02bae&amp;id=ef9b27090d\" target=\"_blank\" rel=\"noreferrer noopener nofollow\">newsletter do TEK Not\u00edcias<\/a>\u00a0e receba todos os dias as principais not\u00edcias de tecnologia na sua caixa de correio.<\/p>\n","protected":false},"excerpt":{"rendered":"J\u00e1 s\u00e3o conhecidos os vencedores da competi\u00e7\u00e3o de microfotografia Small World, organizada pela Nikon. Na sua 51.\u00aa edi\u00e7\u00e3o,&hellip;\n","protected":false},"author":2,"featured_media":135574,"comment_status":"","ping_status":"","sticky":false,"template":"","format":"standard","meta":{"footnotes":""},"categories":[144],"tags":[207,205,206,203,201,202,204,114,115,32,33],"class_list":{"0":"post-135573","1":"post","2":"type-post","3":"status-publish","4":"format-standard","5":"has-post-thumbnail","7":"category-arte-e-design","8":"tag-arte","9":"tag-arte-e-design","10":"tag-artedesign","11":"tag-arts","12":"tag-arts-and-design","13":"tag-artsanddesign","14":"tag-design","15":"tag-entertainment","16":"tag-entretenimento","17":"tag-portugal","18":"tag-pt"},"share_on_mastodon":{"url":"https:\/\/pubeurope.com\/@pt\/115475436219503432","error":""},"_links":{"self":[{"href":"https:\/\/www.europesays.com\/pt\/wp-json\/wp\/v2\/posts\/135573","targetHints":{"allow":["GET"]}}],"collection":[{"href":"https:\/\/www.europesays.com\/pt\/wp-json\/wp\/v2\/posts"}],"about":[{"href":"https:\/\/www.europesays.com\/pt\/wp-json\/wp\/v2\/types\/post"}],"author":[{"embeddable":true,"href":"https:\/\/www.europesays.com\/pt\/wp-json\/wp\/v2\/users\/2"}],"replies":[{"embeddable":true,"href":"https:\/\/www.europesays.com\/pt\/wp-json\/wp\/v2\/comments?post=135573"}],"version-history":[{"count":0,"href":"https:\/\/www.europesays.com\/pt\/wp-json\/wp\/v2\/posts\/135573\/revisions"}],"wp:featuredmedia":[{"embeddable":true,"href":"https:\/\/www.europesays.com\/pt\/wp-json\/wp\/v2\/media\/135574"}],"wp:attachment":[{"href":"https:\/\/www.europesays.com\/pt\/wp-json\/wp\/v2\/media?parent=135573"}],"wp:term":[{"taxonomy":"category","embeddable":true,"href":"https:\/\/www.europesays.com\/pt\/wp-json\/wp\/v2\/categories?post=135573"},{"taxonomy":"post_tag","embeddable":true,"href":"https:\/\/www.europesays.com\/pt\/wp-json\/wp\/v2\/tags?post=135573"}],"curies":[{"name":"wp","href":"https:\/\/api.w.org\/{rel}","templated":true}]}}