{"id":135581,"date":"2025-11-01T16:46:39","date_gmt":"2025-11-01T16:46:39","guid":{"rendered":"https:\/\/www.europesays.com\/pt\/135581\/"},"modified":"2025-11-01T16:46:39","modified_gmt":"2025-11-01T16:46:39","slug":"o-mirante-incidencia-do-cancro-do-pancreas-cresce-mas-investigacao-ja-permite-curas-iniciais","status":"publish","type":"post","link":"https:\/\/www.europesays.com\/pt\/135581\/","title":{"rendered":"O MIRANTE | Incid\u00eancia do cancro do p\u00e2ncreas cresce mas investiga\u00e7\u00e3o j\u00e1 permite curas iniciais"},"content":{"rendered":"<p>O oncologista da Funda\u00e7\u00e3o Champalimaud Carlos Carvalho alertou esta quinta-feira, 30 de Outubro, que a incid\u00eancia do cancro do p\u00e2ncreas cresce nos pa\u00edses industrializados, com um aumento entre adultos, referindo que os avan\u00e7os na investiga\u00e7\u00e3o j\u00e1 permitem curas em casos iniciais.<br \/>Em declara\u00e7\u00f5es \u00e0 Lusa, o director da Unidade de Cancro Digestivo na Funda\u00e7\u00e3o Champalimaud explicou que o cancro do p\u00e2ncreas tem aumentado cerca de 1% ao ano na popula\u00e7\u00e3o geral, mas entre adultos dos 40 aos 55 anos, o crescimento anual varia entre 4% e 7%.<br \/>\u201cParece um n\u00famero baixo, mas \u00e9 um n\u00famero significativo. Pode vir a tornar-se, segundo algumas previs\u00f5es, na segunda causa de morte por cancro nos pa\u00edses industrializados dentro de cerca de 10 anos\u201d, disse, no \u00e2mbito da 2.\u00aa Confer\u00eancia Internacional sobre o Cancro do P\u00e2ncreas que se realiza na Funda\u00e7\u00e3o Champalimaud, em Lisboa, at\u00e9 s\u00e1bado.<br \/>Embora factores como tabaco, \u00e1lcool e diabetes sejam conhecidos, o m\u00e9dico destacou a obesidade como vari\u00e1vel mais marcante.<br \/>\u201cAquilo que varia de todos estes factores de uma forma mais clara \u00e9 claramente a obesidade. N\u00e3o podemos dizer qual \u00e9 a raz\u00e3o, porque os estudos que permitem saber exactamente quais s\u00e3o os mecanismos para este aumento de risco s\u00e3o estudos dif\u00edceis, implicam muitos anos, mas (\u2026) aquilo que mudou foi a obesidade. Se \u00e9 o factor determinante ou n\u00e3o, n\u00e3o podemos ter a certeza, mas \u00e9 preciso ter em aten\u00e7\u00e3o\u201d, real\u00e7ou.<br \/>De acordo com Carlos Carvalho, apesar da elevada mortalidade, os avan\u00e7os na investiga\u00e7\u00e3o e tratamento do cancro do p\u00e2ncreas j\u00e1 permitem curas em casos iniciais, ressalvando que a Funda\u00e7\u00e3o Champalimaud tem refor\u00e7ado esfor\u00e7os para combater um dos tumores mais resistentes e agressivos.<br \/>\u201cO cancro do p\u00e2ncreas \u00e9 um dos tumores mais dif\u00edceis em v\u00e1rios aspetos. Muitas vezes, aparece diagnosticado j\u00e1 numa forma muito avan\u00e7ada j\u00e1 com met\u00e1stases. Infelizmente, a cirurgia raramente \u00e9 poss\u00edvel\u201d. Mesmo nos casos iniciais, a evolu\u00e7\u00e3o r\u00e1pida e a resist\u00eancia aos tratamentos convencionais tornam o progn\u00f3stico desafiante.<br \/>\u201cAinda n\u00e3o temos resultados como gostar\u00edamos, mas por todo o mundo come\u00e7am a surgir alguns medicamentos que s\u00e3o potencialmente muito \u00fateis. (\u2026) Os avan\u00e7os existem e hoje j\u00e1 \u00e9 poss\u00edvel que um doente que tem um diagn\u00f3stico de um tumor do p\u00e2ncreas numa fase mais inicial e que consegue fazer quimioterapia e cirurgia. J\u00e1 h\u00e1 uma expectativa de que um ter\u00e7o ou metade destes doentes, possa ficar curado\u201d, sublinhou.<br \/>Carlos Carvalho vincou que o n\u00famero de doentes tratados com maior efic\u00e1cia \u201c\u00e9 cada vez maior\u201d e refor\u00e7ou a import\u00e2ncia da evolu\u00e7\u00e3o dos tratamentos contra o cancro do p\u00e2ncreas, lembrando que modificar comportamentos associados a factores de risco como obesidade, tabaco e \u00e1lcool continua a ser um desafio. \u201cEssa mudan\u00e7a \u00e9 desej\u00e1vel. \u00c9 muito importante falar nela, mas \u00e9 dif\u00edcil, porque n\u00e3o depende s\u00f3 da vontade. Depende do investimento, da mudan\u00e7a de h\u00e1bitos, que n\u00e3o \u00e9 f\u00e1cil de obter\u201d, precisou.<br \/>O especialista lamentou ainda a inexist\u00eancia de rastreios eficazes para o cancro do p\u00e2ncreas, considerando que os m\u00e9todos actuais n\u00e3o s\u00e3o rent\u00e1veis nem suficientemente precisos para rastrear a popula\u00e7\u00e3o.<br \/>Acreditando que mudan\u00e7as importantes podem surgir nos pr\u00f3ximos anos, Carlos Carvalho disse que a esperan\u00e7a reside na gen\u00e9tica molecular. \u201cEssas mudan\u00e7as t\u00eam a ver com a possibilidade de tentar encontrar no sangue fragmentos do DNA dos tumores, que permitam fazer um diagn\u00f3stico mais precoce, sobretudo nas popula\u00e7\u00f5es, nos grupos da popula\u00e7\u00e3o, onde o risco \u00e9 maior\u201d, como familiares directos ou portadores de altera\u00e7\u00f5es gen\u00e9ticas conhecidas, observou.<\/p>\n","protected":false},"excerpt":{"rendered":"O oncologista da Funda\u00e7\u00e3o Champalimaud Carlos Carvalho alertou esta quinta-feira, 30 de Outubro, que a incid\u00eancia do cancro&hellip;\n","protected":false},"author":2,"featured_media":135582,"comment_status":"","ping_status":"","sticky":false,"template":"","format":"standard","meta":{"footnotes":""},"categories":[86],"tags":[116,6569,6568,32,33,3551,5314,117],"class_list":{"0":"post-135581","1":"post","2":"type-post","3":"status-publish","4":"format-standard","5":"has-post-thumbnail","7":"category-saude","8":"tag-health","9":"tag-jornal-regional","10":"tag-jornalismo-de-proximidade","11":"tag-portugal","12":"tag-pt","13":"tag-regiao","14":"tag-ribatejo","15":"tag-saude"},"share_on_mastodon":{"url":"https:\/\/pubeurope.com\/@pt\/115475459854059871","error":""},"_links":{"self":[{"href":"https:\/\/www.europesays.com\/pt\/wp-json\/wp\/v2\/posts\/135581","targetHints":{"allow":["GET"]}}],"collection":[{"href":"https:\/\/www.europesays.com\/pt\/wp-json\/wp\/v2\/posts"}],"about":[{"href":"https:\/\/www.europesays.com\/pt\/wp-json\/wp\/v2\/types\/post"}],"author":[{"embeddable":true,"href":"https:\/\/www.europesays.com\/pt\/wp-json\/wp\/v2\/users\/2"}],"replies":[{"embeddable":true,"href":"https:\/\/www.europesays.com\/pt\/wp-json\/wp\/v2\/comments?post=135581"}],"version-history":[{"count":0,"href":"https:\/\/www.europesays.com\/pt\/wp-json\/wp\/v2\/posts\/135581\/revisions"}],"wp:featuredmedia":[{"embeddable":true,"href":"https:\/\/www.europesays.com\/pt\/wp-json\/wp\/v2\/media\/135582"}],"wp:attachment":[{"href":"https:\/\/www.europesays.com\/pt\/wp-json\/wp\/v2\/media?parent=135581"}],"wp:term":[{"taxonomy":"category","embeddable":true,"href":"https:\/\/www.europesays.com\/pt\/wp-json\/wp\/v2\/categories?post=135581"},{"taxonomy":"post_tag","embeddable":true,"href":"https:\/\/www.europesays.com\/pt\/wp-json\/wp\/v2\/tags?post=135581"}],"curies":[{"name":"wp","href":"https:\/\/api.w.org\/{rel}","templated":true}]}}