{"id":135589,"date":"2025-11-01T16:52:21","date_gmt":"2025-11-01T16:52:21","guid":{"rendered":"https:\/\/www.europesays.com\/pt\/135589\/"},"modified":"2025-11-01T16:52:21","modified_gmt":"2025-11-01T16:52:21","slug":"e-o-marido-e-o-outro-filho-revelados-detalhes-sobre-a-familia-de-susana-gravato","status":"publish","type":"post","link":"https:\/\/www.europesays.com\/pt\/135589\/","title":{"rendered":"E o marido? E o outro filho? Revelados detalhes sobre a fam\u00edlia de Susana Gravato!"},"content":{"rendered":"<p>Muito se tem escrito e dito sobre Susana Gravato e o filho de 14 anos, que confessou a autoria do homic\u00eddio da vereadora pelo PSD da C\u00e2mara Municipal de Vagos. E os restantes familiares?<\/p>\n<p>Numa reportagem do &#8220;Jornal Nacional&#8221;, a TVI contou que <a href=\"https:\/\/selfie.iol.pt\/famosos\/susana-gravato\/nem-imagina-para-onde-foi-filho-de-susana-gravato-ja-depois-de-esconder-arma-em-campa\/20251031\/6904f360d34e3caad84ac61b\" target=\"_blank\" rel=\"nofollow noopener\">Susana Gravato<\/a> e o marido mantinham uma rela\u00e7\u00e3o &#8220;h\u00e1 mais de 20 anos&#8221;, da qual nasceu um outro jovem, de 19 anos, que se encontra a estudar numa universidade fora do concelho onde a trag\u00e9dia aconteceu.<\/p>\n<p>De resto, apontou ainda a esta\u00e7\u00e3o de Queluz de Baixo, o casal era visto como &#8220;exemplar aos olhos de todos&#8221;.<\/p>\n<p>Presente a primeiro interrogat\u00f3rio judicial, o filho de 14 anos de <a href=\"https:\/\/selfie.iol.pt\/famosos\/susana-gravato\/afinal-o-que-levou-susana-gravato-a-estar-em-casa-na-hora-da-morte-razao-ja-e-conhecida\/20251031\/6904eb62d34e2bd5c6d37e4c\" target=\"_blank\" rel=\"nofollow noopener\">Susana Gravato<\/a> viu o Tribunal de Fam\u00edlia e Menores de Aveiro aplicar-lhe a medida de coa\u00e7\u00e3o de internamento em regime fechado, por um per\u00edodo de tr\u00eas meses. A\u00a0<a href=\"https:\/\/tvi.iol.pt\/\" target=\"_blank\" wbo-id=\"48\" rel=\"nofollow noopener\">TVI<\/a>\u00a0e a\u00a0<a href=\"https:\/\/cnnportugal.iol.pt\/\" target=\"_blank\" wbo-id=\"49\" rel=\"nofollow noopener\">CNN Portugal<\/a>\u00a0apuraram que o principal suspeito do crime se encontra no Centro Educativo de Santo Ant\u00f3nio, no Porto.<\/p>\n<p>Veja, agora, a reportagem.<\/p>\n","protected":false},"excerpt":{"rendered":"Muito se tem escrito e dito sobre Susana Gravato e o filho de 14 anos, que confessou a&hellip;\n","protected":false},"author":2,"featured_media":135590,"comment_status":"","ping_status":"","sticky":false,"template":"","format":"standard","meta":{"footnotes":""},"categories":[8],"tags":[3438,27,28,30444,604,980,15,16,3435,1870,14,5564,2515,25,26,21,22,619,12,13,19,20,32,23,24,4579,33,1012,28330,17,18,162,29,30,31,28332],"class_list":{"0":"post-135589","1":"post","2":"type-post","3":"status-publish","4":"format-standard","5":"has-post-thumbnail","7":"category-principais-noticias","8":"tag-assassinato","9":"tag-breaking-news","10":"tag-breakingnews","11":"tag-camara-municipal-de-vagos","12":"tag-crime","13":"tag-famosos","14":"tag-featured-news","15":"tag-featurednews","16":"tag-filho","17":"tag-filhos","18":"tag-headlines","19":"tag-homicidio","20":"tag-jornal-nacional","21":"tag-latest-news","22":"tag-latestnews","23":"tag-main-news","24":"tag-mainnews","25":"tag-nacional","26":"tag-news","27":"tag-noticias","28":"tag-noticias-principais","29":"tag-noticiasprincipais","30":"tag-portugal","31":"tag-principais-noticias","32":"tag-principaisnoticias","33":"tag-psd","34":"tag-pt","35":"tag-selfie","36":"tag-susana-gravato","37":"tag-top-stories","38":"tag-topstories","39":"tag-tvi","40":"tag-ultimas","41":"tag-ultimas-noticias","42":"tag-ultimasnoticias","43":"tag-vereadora"},"share_on_mastodon":{"url":"","error":"Validation failed: Text character limit of 500 exceeded"},"_links":{"self":[{"href":"https:\/\/www.europesays.com\/pt\/wp-json\/wp\/v2\/posts\/135589","targetHints":{"allow":["GET"]}}],"collection":[{"href":"https:\/\/www.europesays.com\/pt\/wp-json\/wp\/v2\/posts"}],"about":[{"href":"https:\/\/www.europesays.com\/pt\/wp-json\/wp\/v2\/types\/post"}],"author":[{"embeddable":true,"href":"https:\/\/www.europesays.com\/pt\/wp-json\/wp\/v2\/users\/2"}],"replies":[{"embeddable":true,"href":"https:\/\/www.europesays.com\/pt\/wp-json\/wp\/v2\/comments?post=135589"}],"version-history":[{"count":0,"href":"https:\/\/www.europesays.com\/pt\/wp-json\/wp\/v2\/posts\/135589\/revisions"}],"wp:featuredmedia":[{"embeddable":true,"href":"https:\/\/www.europesays.com\/pt\/wp-json\/wp\/v2\/media\/135590"}],"wp:attachment":[{"href":"https:\/\/www.europesays.com\/pt\/wp-json\/wp\/v2\/media?parent=135589"}],"wp:term":[{"taxonomy":"category","embeddable":true,"href":"https:\/\/www.europesays.com\/pt\/wp-json\/wp\/v2\/categories?post=135589"},{"taxonomy":"post_tag","embeddable":true,"href":"https:\/\/www.europesays.com\/pt\/wp-json\/wp\/v2\/tags?post=135589"}],"curies":[{"name":"wp","href":"https:\/\/api.w.org\/{rel}","templated":true}]}}