{"id":135617,"date":"2025-11-01T17:30:21","date_gmt":"2025-11-01T17:30:21","guid":{"rendered":"https:\/\/www.europesays.com\/pt\/135617\/"},"modified":"2025-11-01T17:30:21","modified_gmt":"2025-11-01T17:30:21","slug":"tubarao-realiza-programacao-especial-no-mes-do-novembro-azul","status":"publish","type":"post","link":"https:\/\/www.europesays.com\/pt\/135617\/","title":{"rendered":"Tubar\u00e3o realiza programa\u00e7\u00e3o especial no m\u00eas do Novembro Azul"},"content":{"rendered":"<p>O m\u00eas de novembro \u00e9 dedicado \u00e0 sa\u00fade do homem, com foco na preven\u00e7\u00e3o e no diagn\u00f3stico precoce do c\u00e2ncer de pr\u00f3stata e das doen\u00e7as cardiovasculares. A campanha Novembro Azul busca conscientizar os homens sobre a import\u00e2ncia do autocuidado, da realiza\u00e7\u00e3o de exames preventivos e da ado\u00e7\u00e3o de h\u00e1bitos de vida saud\u00e1veis.<\/p>\n<p>Em Tubar\u00e3o, a Prefeitura, por meio da Secretaria de Sa\u00fade, preparou uma programa\u00e7\u00e3o especial voltada \u00e0 preven\u00e7\u00e3o, ao diagn\u00f3stico precoce e \u00e0 promo\u00e7\u00e3o da sa\u00fade masculina. As a\u00e7\u00f5es ser\u00e3o realizadas nas Unidades B\u00e1sicas de Sa\u00fade (UBS) e em diversos pontos da cidade, fortalecendo o cuidado integral e aproximando os servi\u00e7os de sa\u00fade da comunidade.<\/p>\n<p>A partir do dia 10 de novembro, as Unidades B\u00e1sicas de Sa\u00fade ter\u00e3o atendimentos noturnos, com hor\u00e1rio estendido especialmente voltado \u00e0 sa\u00fade do homem. O foco ser\u00e1 o diagn\u00f3stico precoce, a preven\u00e7\u00e3o e a promo\u00e7\u00e3o da sa\u00fade, com \u00eanfase nas doen\u00e7as cardiovasculares e no c\u00e2ncer de pr\u00f3stata. Ser\u00e3o ofertadas consultas m\u00e9dicas, atendimentos odontol\u00f3gicos, exames e consultas de enfermagem, garantindo acesso facilitado para quem tem dificuldade de comparecer durante o hor\u00e1rio comercial.<\/p>\n<p>Al\u00e9m disso, est\u00e3o previstas a\u00e7\u00f5es educativas e preventivas em empresas, palestras sobre sa\u00fade do homem e participa\u00e7\u00f5es em eventos comunit\u00e1rios e esportivos ao longo do m\u00eas. Todas as iniciativas t\u00eam como objetivo incentivar os homens a cuidarem mais de si, superando tabus e reconhecendo que a preven\u00e7\u00e3o \u00e9 o melhor caminho para uma vida longa e saud\u00e1vel.<\/p>\n<p>E para encerrar o m\u00eas, a Secretaria de Sa\u00fade participar\u00e1 da Corrida 12K Miss\u00e3o Doa\u00e7\u00e3o, no dia 20 de novembro, refor\u00e7ando a import\u00e2ncia da atividade f\u00edsica e da solidariedade como pilares de uma vida saud\u00e1vel.<\/p>\n<p>Acompanhe o site oficial e as redes sociais da Prefeitura de Tubar\u00e3o para conferir o cronograma completo e saber mais sobre as a\u00e7\u00f5es do Novembro Azul.<\/p>\n<p>Foto: <strong>Canva<\/strong><\/p>\n","protected":false},"excerpt":{"rendered":"O m\u00eas de novembro \u00e9 dedicado \u00e0 sa\u00fade do homem, com foco na preven\u00e7\u00e3o e no diagn\u00f3stico precoce&hellip;\n","protected":false},"author":2,"featured_media":135618,"comment_status":"","ping_status":"","sticky":false,"template":"","format":"standard","meta":{"footnotes":""},"categories":[86],"tags":[3980,116,32,33,117],"class_list":{"0":"post-135617","1":"post","2":"type-post","3":"status-publish","4":"format-standard","5":"has-post-thumbnail","7":"category-saude","8":"tag-3980","9":"tag-health","10":"tag-portugal","11":"tag-pt","12":"tag-saude"},"share_on_mastodon":{"url":"https:\/\/pubeurope.com\/@pt\/115475632942496662","error":""},"_links":{"self":[{"href":"https:\/\/www.europesays.com\/pt\/wp-json\/wp\/v2\/posts\/135617","targetHints":{"allow":["GET"]}}],"collection":[{"href":"https:\/\/www.europesays.com\/pt\/wp-json\/wp\/v2\/posts"}],"about":[{"href":"https:\/\/www.europesays.com\/pt\/wp-json\/wp\/v2\/types\/post"}],"author":[{"embeddable":true,"href":"https:\/\/www.europesays.com\/pt\/wp-json\/wp\/v2\/users\/2"}],"replies":[{"embeddable":true,"href":"https:\/\/www.europesays.com\/pt\/wp-json\/wp\/v2\/comments?post=135617"}],"version-history":[{"count":0,"href":"https:\/\/www.europesays.com\/pt\/wp-json\/wp\/v2\/posts\/135617\/revisions"}],"wp:featuredmedia":[{"embeddable":true,"href":"https:\/\/www.europesays.com\/pt\/wp-json\/wp\/v2\/media\/135618"}],"wp:attachment":[{"href":"https:\/\/www.europesays.com\/pt\/wp-json\/wp\/v2\/media?parent=135617"}],"wp:term":[{"taxonomy":"category","embeddable":true,"href":"https:\/\/www.europesays.com\/pt\/wp-json\/wp\/v2\/categories?post=135617"},{"taxonomy":"post_tag","embeddable":true,"href":"https:\/\/www.europesays.com\/pt\/wp-json\/wp\/v2\/tags?post=135617"}],"curies":[{"name":"wp","href":"https:\/\/api.w.org\/{rel}","templated":true}]}}