{"id":135621,"date":"2025-11-01T17:35:34","date_gmt":"2025-11-01T17:35:34","guid":{"rendered":"https:\/\/www.europesays.com\/pt\/135621\/"},"modified":"2025-11-01T17:35:34","modified_gmt":"2025-11-01T17:35:34","slug":"livre-pede-afastamento-do-deputado-filipe-melo-da-mesa-do-parlamento","status":"publish","type":"post","link":"https:\/\/www.europesays.com\/pt\/135621\/","title":{"rendered":"Livre pede afastamento do deputado Filipe Melo da mesa do Parlamento"},"content":{"rendered":"<p data-remotead-prev-elm=\"true\" data-remotead-elm-id=\"inread\">Em declara\u00e7\u00f5es aos jornalistas no Parlamento, a l\u00edder parlamentar do Livre, Isabel Mendes Lopes, considerou que &#8220;n\u00e3o h\u00e1 condi\u00e7\u00f5es&#8221; para Filipe Melo continuar na mesa da Assembleia da Rep\u00fablica e Jos\u00e9 Pedro Aguiar-Branco, a quem ser\u00e1 enviada a posi\u00e7\u00e3o do partido, deve avaliar esta &#8220;situa\u00e7\u00e3o insustent\u00e1vel&#8221;.<\/p>\n<p>Para a deputada, Filipe Melo \u00e9 uma pessoa &#8220;absolutamente execr\u00e1vel na forma como se comporta&#8221;, com uma atitude &#8220;indigna do Parlamento&#8221;, e &#8220;tanto o presidente da Assembleia da Rep\u00fablica, como todos os outros grupos parlamentares, devem fazer ver ao Chega que aquele deputado n\u00e3o deve estar na mesa da Assembleia da Rep\u00fablica&#8221;.<\/p>\n<p>&#8220;Uma deputada foi atacada por um deputado do Chega com uma das frases mais racistas que podem ser ditas&#8221;, disse Isabel Mendes Lopes, acrescentando que se tratou de mais um epis\u00f3dio revelador da falta de considera\u00e7\u00e3o do partido liderado por Andr\u00e9 Ventura pela Assembleia da Rep\u00fablica.<\/p>\n<blockquote data-type=\"articles\" data-id=\"related-article-18014525\"><p>\n              <strong>Leia tamb\u00e9m <\/strong><br \/>\n              <a href=\"https:\/\/www.jn.pt\/nacional\/artigo\/deputada-do-ps-faz-queixa-de-filipe-melo-por-lhe-ter-dito-vai-para-a-tua-terra\/18014525\" rel=\"nofollow noopener\" target=\"_blank\">Deputada do PS faz queixa de Filipe Melo por lhe ter dito &#8220;vai para a tua terra&#8221;<\/a>\n            <\/p><\/blockquote>\n<p>Isabel Mendes Lopes insistiu tamb\u00e9m na necessidade de alterar o c\u00f3digo de conduta dos deputados de forma a que passe a haver &#8220;uma consequ\u00eancia real para que, de forma absolutamente despreocupada, \u00e9 racista, discriminat\u00f3rio e, na pr\u00e1tica, atenta contra a dignidade e liberdade dos deputados aqui dentro e todas as pessoas&#8221;.<\/p>\n<p>&#8220;Todo este discurso de \u00f3dio n\u00e3o fica apenas aqui na Assembleia da Rep\u00fablica, passa para fora e estamos, no fundo, a permitir que a liberdade das nossas concidad\u00e3s e concidad\u00e3os seja limitada porque <strong>o discurso de \u00f3dio espalha-se <\/strong>e isso \u00e9 algo que n\u00f3s n\u00e3o podemos permitir&#8221;, argumentou.<\/p>\n<p data-remotead-prev-elm=\"true\" data-remotead-elm-id=\"centro2\">A CNN Portugal adiantou que a deputada Eva Cruzeiro vai apresentar queixa contra Filipe Melo na comiss\u00e3o de Transpar\u00eancia e Estatuto dos Deputado por lhe ter gritado &#8220;vai para a tua terra&#8221; durante os trabalhos parlamentares na quarta-feira.<\/p>\n<p>Em setembro, o mesmo deputado foi alvo de uma queixa da socialista Isabel Moreira por lhe ter dirigido &#8220;gestos considerados desrespeitosos, designadamente, mandado beijos&#8221;, que levou Aguiar-Branco a pedir \u00e0 comiss\u00e3o de transpar\u00eancia um inqu\u00e9rito por eventuais &#8220;irregularidades graves&#8221; do secret\u00e1rio da mesa.<\/p>\n","protected":false},"excerpt":{"rendered":"Em declara\u00e7\u00f5es aos jornalistas no Parlamento, a l\u00edder parlamentar do Livre, Isabel Mendes Lopes, considerou que &#8220;n\u00e3o h\u00e1&hellip;\n","protected":false},"author":2,"featured_media":135622,"comment_status":"","ping_status":"","sticky":false,"template":"","format":"standard","meta":{"footnotes":""},"categories":[10],"tags":[27,28,1736,22105,15,16,14,25,26,21,22,619,12,13,19,20,4532,32,23,24,33,11099,17,18,29,30,31],"class_list":{"0":"post-135621","1":"post","2":"type-post","3":"status-publish","4":"format-standard","5":"has-post-thumbnail","7":"category-portugal","8":"tag-breaking-news","9":"tag-breakingnews","10":"tag-chega","11":"tag-deputados","12":"tag-featured-news","13":"tag-featurednews","14":"tag-headlines","15":"tag-latest-news","16":"tag-latestnews","17":"tag-main-news","18":"tag-mainnews","19":"tag-nacional","20":"tag-news","21":"tag-noticias","22":"tag-noticias-principais","23":"tag-noticiasprincipais","24":"tag-parlamento","25":"tag-portugal","26":"tag-principais-noticias","27":"tag-principaisnoticias","28":"tag-pt","29":"tag-racismo","30":"tag-top-stories","31":"tag-topstories","32":"tag-ultimas","33":"tag-ultimas-noticias","34":"tag-ultimasnoticias"},"share_on_mastodon":{"url":"https:\/\/pubeurope.com\/@pt\/115475652459794693","error":""},"_links":{"self":[{"href":"https:\/\/www.europesays.com\/pt\/wp-json\/wp\/v2\/posts\/135621","targetHints":{"allow":["GET"]}}],"collection":[{"href":"https:\/\/www.europesays.com\/pt\/wp-json\/wp\/v2\/posts"}],"about":[{"href":"https:\/\/www.europesays.com\/pt\/wp-json\/wp\/v2\/types\/post"}],"author":[{"embeddable":true,"href":"https:\/\/www.europesays.com\/pt\/wp-json\/wp\/v2\/users\/2"}],"replies":[{"embeddable":true,"href":"https:\/\/www.europesays.com\/pt\/wp-json\/wp\/v2\/comments?post=135621"}],"version-history":[{"count":0,"href":"https:\/\/www.europesays.com\/pt\/wp-json\/wp\/v2\/posts\/135621\/revisions"}],"wp:featuredmedia":[{"embeddable":true,"href":"https:\/\/www.europesays.com\/pt\/wp-json\/wp\/v2\/media\/135622"}],"wp:attachment":[{"href":"https:\/\/www.europesays.com\/pt\/wp-json\/wp\/v2\/media?parent=135621"}],"wp:term":[{"taxonomy":"category","embeddable":true,"href":"https:\/\/www.europesays.com\/pt\/wp-json\/wp\/v2\/categories?post=135621"},{"taxonomy":"post_tag","embeddable":true,"href":"https:\/\/www.europesays.com\/pt\/wp-json\/wp\/v2\/tags?post=135621"}],"curies":[{"name":"wp","href":"https:\/\/api.w.org\/{rel}","templated":true}]}}