{"id":135625,"date":"2025-11-01T17:39:22","date_gmt":"2025-11-01T17:39:22","guid":{"rendered":"https:\/\/www.europesays.com\/pt\/135625\/"},"modified":"2025-11-01T17:39:22","modified_gmt":"2025-11-01T17:39:22","slug":"familia-de-pele-coloca-a-venda-apartamentos-milionarios-apos-dividas-acumuladas","status":"publish","type":"post","link":"https:\/\/www.europesays.com\/pt\/135625\/","title":{"rendered":"Fam\u00edlia de Pel\u00e9 coloca \u00e0 venda apartamentos milion\u00e1rios ap\u00f3s d\u00edvidas acumuladas"},"content":{"rendered":"<p class=\"w-full text-lg font-krub text-gray-500 leading-30\">Dois apartamentos de <strong class=\"font-bold\">Pel\u00e9<\/strong> est\u00e3o penhorados por falta de pagamento do condom\u00ednio no Edif\u00edcio Dondinho, no bairro do Embar\u00e9, em Santos, na Baixada Santista. O edif\u00edcio recebeu o nome em homenagem a Jo\u00e3o Ramos do Nascimento, pai do \u00eddolo.<\/p>\n<p>continua ap\u00f3s a publicidade<\/p>\n<p class=\"w-full text-lg font-krub text-gray-500 leading-30\">O processo de invent\u00e1rio tramita em segredo de Justi\u00e7a, e Edinho, um dos filhos de Pel\u00e9, \u00e9 respons\u00e1vel pelos apartamentos durante o processo, enquanto n\u00e3o h\u00e1 partilha dos bens, o que permite a cobran\u00e7a.<\/p>\n<p class=\"w-full text-lg font-krub text-gray-500 leading-30\">A informa\u00e7\u00e3o foi divulgada inicialmente pelo portal <strong class=\"font-bold\">A Tribuna<\/strong> e confirmada pelo <strong class=\"font-bold\">Lance!<\/strong>.<\/p>\n<p class=\"w-full text-lg font-krub text-gray-500 leading-30\">\u27a1\ufe0f <strong class=\"font-bold\"><a href=\"https:\/\/whatsapp.com\/channel\/0029VaCmAjv60eBnaDiL7p3P?utm_source=cta&amp;utm_medium=whatsappsantos&amp;utm_id=whatsapp\" class=\"font-bold break-normal hover:underline\" style=\"color:rgb(34,34,26)\" target=\"_blank\" rel=\"nofollow noopener\">Tudo sobre o Peixe agora no WhatsApp. Siga o nosso novo canal Lance! Santos<\/a><\/strong><\/p>\n<p class=\"w-full text-lg font-krub text-gray-500 leading-30\">Atualmente, os im\u00f3veis est\u00e3o \u00e0 venda por cerca de R$ 1,2 milh\u00e3o em duas imobili\u00e1rias diferentes: Elo Consultoria Imobili\u00e1ria e Invista. Os valores referentes ao condom\u00ednio n\u00e3o s\u00e3o quitados desde a morte do Rei do Futebol, em 29 de dezembro de 2022.<\/p>\n<p>continua ap\u00f3s a publicidade<\/p>\n<p class=\"w-full text-lg font-krub text-gray-500 leading-30\">Segundo apura\u00e7\u00e3o do <strong class=\"font-bold\">Lance!<\/strong>, a fam\u00edlia pretende vender os apartamentos para quitar d\u00edvidas de condom\u00ednio e do Imposto Predial e Territorial Urbano (IPTU) de diversos patrim\u00f4nios deixados pelo ex-jogador. N\u00e3o h\u00e1 risco de perda dos im\u00f3veis antes da realiza\u00e7\u00e3o de um eventual leil\u00e3o.<\/p>\n<p class=\"w-full text-lg font-krub text-gray-500 leading-30\">Recentemente, outro im\u00f3vel foi colocado como garantia de pagamento de d\u00edvida: a mans\u00e3o em Guaruj\u00e1, localizada na Praia de Pernambuco e avaliada em R$ 8 milh\u00f5es, com piscina, quadra de t\u00eanis, bar, playground e campo de futebol.<\/p>\n<p>continua ap\u00f3s a publicidade<\/p>\n<p class=\"w-full text-lg font-krub text-gray-500 leading-30\">A heran\u00e7a de Pel\u00e9 \u00e9 avaliada em R$ 20 milh\u00f5es. A partilha dos bens segue em segredo de Justi\u00e7a na 2\u00aa Vara de Fam\u00edlia e Sucess\u00f5es da Comarca de Santos.<\/p>\n<p>Pel\u00e9:<\/p>\n<p class=\"w-full text-lg font-krub text-gray-500 leading-30\">A morte de Edson Arantes do Nascimento foi confirmada no dia 29 de dezembro, pelo Hospital Albert Einstein.\u00a0<a href=\"https:\/\/www.lance.com.br\/fora-de-campo\/pele-internado-entenda-o-quadro-de-saude-do-rei-do-futebol.html\" class=\"font-bold break-normal hover:underline\" style=\"color:rgb(34,34,26)\" rel=\"nofollow noopener\" target=\"_blank\"><strong>Ele lutava contra um tumor no intestino, descoberto em setembro de 2021<\/strong><\/a>.<\/p>\n<p class=\"w-full text-lg font-krub text-gray-500 leading-30\">De l\u00e1 para c\u00e1, ficou em tratamento m\u00e9dico no hospital em S\u00e3o Paulo e na casa dele em Guaruj\u00e1, no litoral paulista.<\/p>\n<p class=\"w-full text-lg font-krub text-gray-500 leading-30\">No dia 29 de novembro,\u00a0<a href=\"https:\/\/www.lance.com.br\/fora-de-campo\/filha-de-pele-publica-foto-com-o-rei-no-hospital-seguimos-na-luta-1.html\" class=\"font-bold break-normal hover:underline\" style=\"color:rgb(34,34,26)\" rel=\"nofollow noopener\" target=\"_blank\"><strong>o ex-jogador foi internado para debelar uma infec\u00e7\u00e3o respirat\u00f3ria<\/strong><\/a>\u00a0ap\u00f3s contrair Covid-19\u00a0e &#8220;para uma reavalia\u00e7\u00e3o da terapia quimioter\u00e1pica do tumor de c\u00f3lon&#8221;, conforme nota do hospital.<\/p>\n<p class=\"w-full text-lg font-krub text-gray-500 leading-30\">Mas a doen\u00e7a resistiu, progrediu e levou para a eternidade o maior jogador da hist\u00f3ria do futebol mundial, que sofreu\u00a0fal\u00eancia de m\u00faltiplos \u00f3rg\u00e3os, aos 82 anos.<\/p>\n<p class=\"w-full text-lg font-krub text-gray-500 leading-30\">Pelo Santos, Pel\u00e9 formou o irresist\u00edvel ataque com Dorval, Meng\u00e1lvio, Coutinho e Pepe, conquistando o Campeonato Paulista pela primeira vez em 1958, poucos meses depois de se sagrar campe\u00e3o mundial pela primeira vez com a Sele\u00e7\u00e3o Brasileira.<\/p>\n<p class=\"w-full text-lg font-krub text-gray-500 leading-30\">Depois, empilhou t\u00edtulos estaduais: 1960, 1961, 1962, 1964, 1965, 1967, 1968, 1969 e 1973.<\/p>\n<p class=\"w-full text-lg font-krub text-gray-500 leading-30\">Com a camisa do Peixe, desbravou fronteiras e brilhou tamb\u00e9m nas competi\u00e7\u00f5es nacionais. Foi campe\u00e3o da Ta\u00e7a Brasil em 1961, 1962, 1963, 1964 e 1965, al\u00e9m de conquistar o Torneio Roberto Gomes Pedrosa em 1968.<\/p>\n<p class=\"w-full text-lg font-krub text-gray-500 leading-30\">Em 1962 e 1963, viveu o auge de sua trajet\u00f3ria com a lend\u00e1ria camisa 10 santista. Conquistou duas Copa Libertadores, marcando gols nas decis\u00f5es contra Pe\u00f1arol e Boca Juniors, respectivamente.<\/p>\n<p class=\"w-full text-lg font-krub text-gray-500 leading-30\">No mesmo ano em que ergueu sua segunda Copa do Mundo com o Brasil, foi decisivo na final do Mundial Interclubes contra o Benfica, em Lisboa. J\u00e1 em 1963, voltou a ser protagonista e contribuiu diretamente para o t\u00edtulo conquistado sobre o Milan.<\/p>\n<p class=\"w-full text-lg font-krub text-gray-500 leading-30\">Na Sele\u00e7\u00e3o Brasileira, foi campe\u00e3o de tr\u00eas Copas do Mundo, uma Ta\u00e7a do Atl\u00e2ntico , duas Copas Roca , tr\u00eas Ta\u00e7as Oswaldo Cruz e a Ta\u00e7a Bernardo O&#8217;Higgins. Em Copas, s\u00e3o 14 jogos e 12 gols, com m\u00e9dia de 0,85 gols por partida.<\/p>\n<p><img alt=\"pele-rei-do-futebol-26122022170906942_Easy-Resize.com (1)\" loading=\"lazy\" width=\"850\" height=\"530\" decoding=\"async\" data-nimg=\"1\" class=\"w-full rounded-lg\" style=\"color:transparent\" src=\"https:\/\/www.europesays.com\/pt\/wp-content\/uploads\/2025\/11\/pele-rei-do-futebol-26122022170906942_Easy-Resize.com-1.jpg\"\/>Fam\u00edlia de Pel\u00e9 coloca apartamentos em Santos \u00e0 venda (Foto: Divulga\u00e7\u00e3o)<\/p>\n","protected":false},"excerpt":{"rendered":"Dois apartamentos de Pel\u00e9 est\u00e3o penhorados por falta de pagamento do condom\u00ednio no Edif\u00edcio Dondinho, no bairro do&hellip;\n","protected":false},"author":2,"featured_media":135626,"comment_status":"","ping_status":"","sticky":false,"template":"","format":"standard","meta":{"footnotes":""},"categories":[145],"tags":[25765,211,210,114,115,12559,32,33,7982],"class_list":{"0":"post-135625","1":"post","2":"type-post","3":"status-publish","4":"format-standard","5":"has-post-thumbnail","7":"category-celebridades","8":"tag-campeonato-brasileiro","9":"tag-celebridades","10":"tag-celebrities","11":"tag-entertainment","12":"tag-entretenimento","13":"tag-pele","14":"tag-portugal","15":"tag-pt","16":"tag-santos"},"share_on_mastodon":{"url":"https:\/\/pubeurope.com\/@pt\/115475668337449322","error":""},"_links":{"self":[{"href":"https:\/\/www.europesays.com\/pt\/wp-json\/wp\/v2\/posts\/135625","targetHints":{"allow":["GET"]}}],"collection":[{"href":"https:\/\/www.europesays.com\/pt\/wp-json\/wp\/v2\/posts"}],"about":[{"href":"https:\/\/www.europesays.com\/pt\/wp-json\/wp\/v2\/types\/post"}],"author":[{"embeddable":true,"href":"https:\/\/www.europesays.com\/pt\/wp-json\/wp\/v2\/users\/2"}],"replies":[{"embeddable":true,"href":"https:\/\/www.europesays.com\/pt\/wp-json\/wp\/v2\/comments?post=135625"}],"version-history":[{"count":0,"href":"https:\/\/www.europesays.com\/pt\/wp-json\/wp\/v2\/posts\/135625\/revisions"}],"wp:featuredmedia":[{"embeddable":true,"href":"https:\/\/www.europesays.com\/pt\/wp-json\/wp\/v2\/media\/135626"}],"wp:attachment":[{"href":"https:\/\/www.europesays.com\/pt\/wp-json\/wp\/v2\/media?parent=135625"}],"wp:term":[{"taxonomy":"category","embeddable":true,"href":"https:\/\/www.europesays.com\/pt\/wp-json\/wp\/v2\/categories?post=135625"},{"taxonomy":"post_tag","embeddable":true,"href":"https:\/\/www.europesays.com\/pt\/wp-json\/wp\/v2\/tags?post=135625"}],"curies":[{"name":"wp","href":"https:\/\/api.w.org\/{rel}","templated":true}]}}