{"id":135629,"date":"2025-11-01T17:43:13","date_gmt":"2025-11-01T17:43:13","guid":{"rendered":"https:\/\/www.europesays.com\/pt\/135629\/"},"modified":"2025-11-01T17:43:13","modified_gmt":"2025-11-01T17:43:13","slug":"uma-odisseia-hip-hop-pelo-amor-observador","status":"publish","type":"post","link":"https:\/\/www.europesays.com\/pt\/135629\/","title":{"rendered":"uma odisseia hip hop pelo amor \u2013 Observador"},"content":{"rendered":"<p>23 anos depois, Sam The Kid resolveu levar a sua obra-prima instrumental aos palcos. Editado em 2002 pela saudosa Loop:Recordings, Beats Vol. 1: Amor foi apresentado pela primeira vez ao vivo esta sexta-feira, 31 de outubro, na primeira de duas noites consecutivas no Centro Cultural de Bel\u00e9m (CCB), em Lisboa. A 25 de novembro, o mesmo espet\u00e1culo \u00e9 reproduzido na Casa da M\u00fasica, no Porto.<\/p>\n<p>Mesmo que numa perspetiva abstrata e algo imaginada, este \u00e9 um disco que retrata a hist\u00f3ria de amor (e desgosto) dos pais de Samuel Mira. A paix\u00e3o inicial, a constru\u00e7\u00e3o de uma rela\u00e7\u00e3o, o nascimento dos filhos, a trai\u00e7\u00e3o, a separa\u00e7\u00e3o, as saudades e a rom\u00e2ntica convic\u00e7\u00e3o de que O Amor N\u00e3o Tem Fim.<\/p>\n<p>Toda uma vida, e uma pan\u00f3plia de realidades que marcam o amor, traduzidas em instrumentais criados com samples de soul, jazz ou funk \u2014 e salpicados por frases de telenovelas ou filmes que v\u00e3o acrescentando detalhes a uma narrativa sonora que tanto \u00e9 suficientemente concreta como, ao mesmo tempo, deixa espa\u00e7o para a imagina\u00e7\u00e3o. Para que cada ouvinte transporte aqueles sentimentos e sensa\u00e7\u00f5es para as suas pr\u00f3prias viv\u00eancias.<\/p>\n<p>No palco do CCB, Sam The Kid aparece ao centro como o maestro de uma orquestra. \u00c0 sua volta, os instrumentistas dos Orelha Negra \u2014 Jo\u00e3o Gomes a trocar entre diferentes teclados e um piano, Francisco Rebelo no baixo, Fred Ferreira na bateria. Dos lados, duas plataformas elevam uma orquestra, sobretudo composta de violinos, mas tamb\u00e9m com violoncelos e uma sec\u00e7\u00e3o de sopros. J\u00e1 n\u00e3o \u00e9 uma imagem assim t\u00e3o estranha \u2014 \u00e9-nos familiar dos concertos que Sam The Kid fez com orquestra nos \u00faltimos anos.<\/p>\n","protected":false},"excerpt":{"rendered":"23 anos depois, Sam The Kid resolveu levar a sua obra-prima instrumental aos palcos. Editado em 2002 pela&hellip;\n","protected":false},"author":2,"featured_media":135630,"comment_status":"","ping_status":"","sticky":false,"template":"","format":"standard","meta":{"footnotes":""},"categories":[141],"tags":[315,114,115,339,149,150,32,33],"class_list":{"0":"post-135629","1":"post","2":"type-post","3":"status-publish","4":"format-standard","5":"has-post-thumbnail","7":"category-musica","8":"tag-cultura","9":"tag-entertainment","10":"tag-entretenimento","11":"tag-mu00fasica","12":"tag-music","13":"tag-musica","14":"tag-portugal","15":"tag-pt"},"share_on_mastodon":{"url":"https:\/\/pubeurope.com\/@pt\/115475684137509279","error":""},"_links":{"self":[{"href":"https:\/\/www.europesays.com\/pt\/wp-json\/wp\/v2\/posts\/135629","targetHints":{"allow":["GET"]}}],"collection":[{"href":"https:\/\/www.europesays.com\/pt\/wp-json\/wp\/v2\/posts"}],"about":[{"href":"https:\/\/www.europesays.com\/pt\/wp-json\/wp\/v2\/types\/post"}],"author":[{"embeddable":true,"href":"https:\/\/www.europesays.com\/pt\/wp-json\/wp\/v2\/users\/2"}],"replies":[{"embeddable":true,"href":"https:\/\/www.europesays.com\/pt\/wp-json\/wp\/v2\/comments?post=135629"}],"version-history":[{"count":0,"href":"https:\/\/www.europesays.com\/pt\/wp-json\/wp\/v2\/posts\/135629\/revisions"}],"wp:featuredmedia":[{"embeddable":true,"href":"https:\/\/www.europesays.com\/pt\/wp-json\/wp\/v2\/media\/135630"}],"wp:attachment":[{"href":"https:\/\/www.europesays.com\/pt\/wp-json\/wp\/v2\/media?parent=135629"}],"wp:term":[{"taxonomy":"category","embeddable":true,"href":"https:\/\/www.europesays.com\/pt\/wp-json\/wp\/v2\/categories?post=135629"},{"taxonomy":"post_tag","embeddable":true,"href":"https:\/\/www.europesays.com\/pt\/wp-json\/wp\/v2\/tags?post=135629"}],"curies":[{"name":"wp","href":"https:\/\/api.w.org\/{rel}","templated":true}]}}