{"id":135639,"date":"2025-11-01T17:51:09","date_gmt":"2025-11-01T17:51:09","guid":{"rendered":"https:\/\/www.europesays.com\/pt\/135639\/"},"modified":"2025-11-01T17:51:09","modified_gmt":"2025-11-01T17:51:09","slug":"gravida-amadora-sintra-bebe-estava-em-estado-critico-e-nao-resistiu","status":"publish","type":"post","link":"https:\/\/www.europesays.com\/pt\/135639\/","title":{"rendered":"Gr\u00e1vida Amadora-Sintra. Beb\u00e9 estava em estado cr\u00edtico e n\u00e3o resistiu"},"content":{"rendered":"<p><b>O beb\u00e9 da gr\u00e1vida que morreu no hospital Amadora-Sintra tamb\u00e9m n\u00e3o sobreviveu. Estava internado nos cuidados intensivos desde que nasceu, na sexta-feira.<\/b><\/p>\n<p>&#13;<br \/>\nA informa\u00e7\u00e3o foi avan\u00e7ada pela SIC Not\u00edcias. Fonte oficial da Unidade Local de Sa\u00fade Amadora-Sintra, cdiantou que<b>\u00a0o \u00f3bito ocorreu cerca das 07h00, devido ao &#8220;estado cl\u00ednico em que se encontrava&#8221;.<\/b>&#13;\n<\/p>\n<p>Na sexta-feira, dia em que a gr\u00e1vida de 38 semanas, natural da Guin\u00e9-Bissau, morreu, o diretor do servi\u00e7o de urg\u00eancia obst\u00e9trica e ginecol\u00f3gica do hospital Amadora-Sintra, Diogo Bruno, explicou que a mulher estava em paragem cardiorrespirat\u00f3ria quando deu entrada no hospital, tendo sido imediatamente socorrida com todos os procedimentos previstos.<br \/>\n<b><br \/>&#13;<br \/>\n&#8220;Portanto, a atitude que foi tomada foi suporte avan\u00e7ado de vida e extra\u00e7\u00e3o do beb\u00e9 assim que poss\u00edvel e foi super r\u00e1pido&#8221;<\/b>, afirmou Diogo Bruno, acrescentando que <b>a beb\u00e9 estava internada com &#8220;progn\u00f3stico reservado&#8221; nos cuidados intensivos neonatais. <\/b><\/p>\n<p>A institui\u00e7\u00e3o &#8220;lamenta profundamente&#8221; a morte da beb\u00e9.&#13;\n<\/p>\n<p>&#13;<br \/>\n<br \/>&#13;<br \/>\nA mulher de 36 anos deu entrada no hospital cerca das 01h50, \u201ctransportada por uma equipa do INEM, em situa\u00e7\u00e3o de paragem cardiorrespirat\u00f3ria\u201d e acabou por morrer ap\u00f3s o parto.&#13;\n<\/p>\n<p>\nNa quarta-feira, tinha estado numa &#8220;consulta de rotina&#8221; no hospital, &#8220;durante a qual foi identificada hipertens\u00e3o ligeira&#8221;, confirmou o Amadora-Sintra.<\/p>\n<p>A mulher de nacionalidade guineense ter\u00e1 vindo para Portugal para ter o beb\u00e9 devido a problemas de sa\u00fade e teve a primeira consulta no Amadora-Sintra em setembro.<\/p>\n<p>Em comunicado, o hospital garante que foi aberto um inqu\u00e9rito interno para apurar todas as circunst\u00e2ncias associadas ao ocorrido. A Inspe\u00e7\u00e3o-Geral das Atividades em Sa\u00fade (IGAS) tamb\u00e9m instaurou um processo de inqu\u00e9rito ao caso.&#13;<\/p>\n","protected":false},"excerpt":{"rendered":"O beb\u00e9 da gr\u00e1vida que morreu no hospital Amadora-Sintra tamb\u00e9m n\u00e3o sobreviveu. Estava internado nos cuidados intensivos desde&hellip;\n","protected":false},"author":2,"featured_media":135640,"comment_status":"","ping_status":"","sticky":false,"template":"","format":"standard","meta":{"footnotes":""},"categories":[10],"tags":[27,28,15,16,14,25,26,21,22,12,13,19,20,32,23,24,33,420,421,17,18,29,30,31],"class_list":{"0":"post-135639","1":"post","2":"type-post","3":"status-publish","4":"format-standard","5":"has-post-thumbnail","7":"category-portugal","8":"tag-breaking-news","9":"tag-breakingnews","10":"tag-featured-news","11":"tag-featurednews","12":"tag-headlines","13":"tag-latest-news","14":"tag-latestnews","15":"tag-main-news","16":"tag-mainnews","17":"tag-news","18":"tag-noticias","19":"tag-noticias-principais","20":"tag-noticiasprincipais","21":"tag-portugal","22":"tag-principais-noticias","23":"tag-principaisnoticias","24":"tag-pt","25":"tag-rtp","26":"tag-rtp-noticias","27":"tag-top-stories","28":"tag-topstories","29":"tag-ultimas","30":"tag-ultimas-noticias","31":"tag-ultimasnoticias"},"share_on_mastodon":{"url":"https:\/\/pubeurope.com\/@pt\/115475715547367391","error":""},"_links":{"self":[{"href":"https:\/\/www.europesays.com\/pt\/wp-json\/wp\/v2\/posts\/135639","targetHints":{"allow":["GET"]}}],"collection":[{"href":"https:\/\/www.europesays.com\/pt\/wp-json\/wp\/v2\/posts"}],"about":[{"href":"https:\/\/www.europesays.com\/pt\/wp-json\/wp\/v2\/types\/post"}],"author":[{"embeddable":true,"href":"https:\/\/www.europesays.com\/pt\/wp-json\/wp\/v2\/users\/2"}],"replies":[{"embeddable":true,"href":"https:\/\/www.europesays.com\/pt\/wp-json\/wp\/v2\/comments?post=135639"}],"version-history":[{"count":0,"href":"https:\/\/www.europesays.com\/pt\/wp-json\/wp\/v2\/posts\/135639\/revisions"}],"wp:featuredmedia":[{"embeddable":true,"href":"https:\/\/www.europesays.com\/pt\/wp-json\/wp\/v2\/media\/135640"}],"wp:attachment":[{"href":"https:\/\/www.europesays.com\/pt\/wp-json\/wp\/v2\/media?parent=135639"}],"wp:term":[{"taxonomy":"category","embeddable":true,"href":"https:\/\/www.europesays.com\/pt\/wp-json\/wp\/v2\/categories?post=135639"},{"taxonomy":"post_tag","embeddable":true,"href":"https:\/\/www.europesays.com\/pt\/wp-json\/wp\/v2\/tags?post=135639"}],"curies":[{"name":"wp","href":"https:\/\/api.w.org\/{rel}","templated":true}]}}