{"id":135659,"date":"2025-11-01T18:12:15","date_gmt":"2025-11-01T18:12:15","guid":{"rendered":"https:\/\/www.europesays.com\/pt\/135659\/"},"modified":"2025-11-01T18:12:15","modified_gmt":"2025-11-01T18:12:15","slug":"kim-cattrall-ja-nao-quer-falar-de-o-sexo-e-a-cidade-observador","status":"publish","type":"post","link":"https:\/\/www.europesays.com\/pt\/135659\/","title":{"rendered":"Kim Cattrall j\u00e1 n\u00e3o quer falar de &#8220;O Sexo e a Cidade&#8221; \u2013 Observador"},"content":{"rendered":"<p>Cerca de uma hora e meia depois, Kim Cattrall voltaria a este tema no painel \u201cSem morada fixa: uma vida dedicada a contar hist\u00f3rias globais\u201d, ao lado de Daniela Ruah e perante meia casa no Lisbon Stage \u2014 a este respeito, o Observador questionou a organiza\u00e7\u00e3o do Tribeca se a aflu\u00eancia tinha diminu\u00eddo face \u00e0 chuva que se fez sentir em Lisboa; a resposta foi de que aumentou.<\/p>\n<p>Questionada por Carlos Moedas, a servir de moderador, quanto a que tipo de hist\u00f3rias faz falta contar, a atriz foi lac\u00f3nica: \u201cA vida de qualquer mulher pode ser transformada num filme fant\u00e1stico. E essas s\u00e3o hist\u00f3rias das quais n\u00e3o temos o suficiente\u201d. Para real\u00e7ar esse ponto, inclusive, colocou na sua mira um dos mais celebrados cineastas da hist\u00f3ria.<\/p>\n<p>\u201cSou uma grande f\u00e3 de Martin Scorsese, mas, caramba, gostaria que ele escrevesse mais pap\u00e9is para mulheres! Adoro-o, porque ele \u00e9 brilhante. Mas o que \u00e9 que ele poderia fazer? Como seria a sua Cle\u00f3patra\u00a0num filme? \u00c0s vezes n\u00e3o temos essas oportunidades de trabalhar com um realizador como ele porque somos mulheres. \u00c9 por isso que \u00e9 t\u00e3o importante criarmos o nosso pr\u00f3prio mundo e faz\u00ea-lo juntas. N\u00e3o somos fortes separadamente, mas juntas. E podemos fazer a diferen\u00e7a e contar essas hist\u00f3rias de que todas precisamos. Elas s\u00e3o como um alimento quando s\u00e3o boas. Para mim, s\u00e3o como comida, saio do cinema e sinto-me t\u00e3o saciada. Mas \u00e9 uma longa jornada para chegar l\u00e1\u201d, apontou.<\/p>\n<p>Ser\u00e1 poss\u00edvel afirmar que essa \u201clonga jornada\u201d j\u00e1 foi iniciada, mesmo que de forma titubeante? Recordando o que tinha afirmado quanto \u00e0 seca de pap\u00e9is que atrizes passam a dispor a partir dos 50 anos, o Observador perguntou a Kim Cattrall o que pensava do reconhecimento cr\u00edtico que v\u00e1rias atrizes mais velhas t\u00eam vindo granjear nos \u00faltimos anos, de <a href=\"https:\/\/observador.pt\/especiais\/mesmo-sem-o-oscar-demi-moore-recomeca\/\" rel=\"nofollow noopener\" target=\"_blank\">Demi Moore<\/a> a <a href=\"https:\/\/observador.pt\/2023\/03\/13\/as-muitas-vidas-de-jamie-lee-curtis\/\" rel=\"nofollow noopener\" target=\"_blank\">Jamie Lee Curtis<\/a>, passando por <a href=\"https:\/\/observador.pt\/especiais\/pamela-anderson-sinto-me-a-comecar-agora-sou-atriz-nao-uma-celebridade\/\" rel=\"nofollow noopener\" target=\"_blank\">Pamela Anderson<\/a> ou <a href=\"https:\/\/observador.pt\/2023\/03\/13\/a-espera-de-michelle-yeoh-para-ver-a-primeira-mulher-asiatica-vencer-entre-as-melhores-atrizes\/\" rel=\"nofollow noopener\" target=\"_blank\">Michelle Yeoh<\/a>. \u201cVeio com atraso, j\u00e1 n\u00e3o era sem tempo!\u201d, respondeu.<\/p>\n<blockquote class=\"wp-embedded-content\" data-secret=\"VmZX7hOmY4\">\n<p><a href=\"https:\/\/observador.pt\/especiais\/mesmo-sem-o-oscar-demi-moore-recomeca\/\" rel=\"nofollow noopener\" target=\"_blank\">Mesmo sem o \u00d3scar, Demi Moore recome\u00e7a<\/a><\/p>\n<\/blockquote>\n<p>\u201cHollywood foi constru\u00edda com base em mulheres incr\u00edveis como Bette Davis e Marlene Dietrich, e o que elas realmente representavam era poder. Entretanto perdemos isso e tent\u00e1mos recuper\u00e1-lo nos anos 60 e 70. E agora estamos a lutar por isso novamente. Ent\u00e3o, assim continua. Mas h\u00e1 uma coisa sobre a hist\u00f3ria que \u00e9 reconfortante: j\u00e1 pass\u00e1mos por isto antes, talvez n\u00e3o exatamente nas mesmas circunst\u00e2ncias, e no final vamos sair por cima novamente. Pelo menos \u00e9 o que espero\u201d, completou.<\/p>\n<p>A esse respeito, Cattrall foi tamb\u00e9m questionada quanto ao que podia fazer pelas mulheres na ind\u00fastria num momento de ascens\u00e3o do antifeminismo a n\u00edvel global. \u201cEspero que, com o meu nome, a minha experi\u00eancia e as minhas conex\u00f5es, possa realizar projetos que abordem as mulheres em situa\u00e7\u00f5es dif\u00edceis em todo o mundo. Eu protestei pelo caso Roe versus Wade, isso fez parte do meu despertar como jovem mulher na cidade de Nova Iorque no in\u00edcio dos anos 70 e agora estamos a faz\u00ea-lo novamente. Ent\u00e3o, sim, precisamos de hist\u00f3rias sobre mulheres, para lhes dar a tranquilidade de saber que n\u00e3o est\u00e3o sozinhas. Acho que o lugar mais dif\u00edcil para uma mulher estar \u00e9 sentir-se sozinha no que est\u00e1 a passar\u201d, advertiu.<\/p>\n<p>No que toca ao futuro, Cattrall considera a ascens\u00e3o da intelig\u00eancia artificial algo \u201caterrador\u201d para os atores. \u201cAinda nem come\u00e7\u00e1mos a entender o que est\u00e1 por vir. Infelizmente, parece que isso vai deixar muitos de n\u00f3s sem emprego\u201d, lamenta. A atriz, no entanto, tem para j\u00e1 assegurados dois pap\u00e9is para o futuro pr\u00f3ximo, como adiantou numa <a href=\"https:\/\/people.com\/kim-cattrall-says-samantha-jones-wasnt-me-as-she-reflects-on-life-since-sex-and-the-city-exclusive-11836632\" rel=\"nofollow noopener\" target=\"_blank\">entrevista<\/a> \u00e0 revista People. Em Lisboa, no entanto, nada revelou sobre os mesmos.<\/p>\n<p>N\u00e3o foi apenas do presente e do futuro que Cattrall quis falar no Tribeca. Dada a longevidade da sua carreira, havia muita curiosidade quanto ao que podia partilhar em rela\u00e7\u00e3o \u00e0 sua experi\u00eancia e ao seu percurso de vida. No painel, por exemplo, contou como foi dar os primeiros passos como atriz no Canad\u00e1.<\/p>\n<p>\u201cN\u00e3o tinha nenhuma liga\u00e7\u00e3o com o mundo do espet\u00e1culo na minha fam\u00edlia, por isso, nos anos 70, ao crescer na ilha de Vancouver, que tinha uma popula\u00e7\u00e3o muito pequena, dizer que queria ser atriz era como dizer que queria ser astronauta. Era uma coisa extraordin\u00e1ria de querer ou fazer, mas tive muita sorte porque tive muito apoio\u201d, revelou. Tamb\u00e9m por isso, e porque a conversa estava centrada na ideia de como uma identidade migrante influ\u00eancia o trabalho dos atores e a forma como se conta hist\u00f3rias, ressalvou o choque cultural que foi mudar-se para Nova Iorque para entrar na famosa American Academy of Dramatic Arts.<\/p>\n<p>\u201cUma pessoa sente-se separada do que conhece. Mas, para mim, achei fascinante. Eu n\u00e3o sabia quem era o Johnny Carson [apresentador televisivo]\u00a0quando me mudei para Nova Iorque. E adorava fazer palavras cruzadas, mas nunca conseguia acertar nenhuma das respostas fora do Canad\u00e1, porque era essa a sociedade em que eu passava mais tempo. S\u00e3o essas pequenas pistas que se tem de aprender ou reaprender, mas achei fascinante que \u00e9ramos todos t\u00e3o semelhantes, mas t\u00e3o diferentes\u201d, lembrou.<\/p>\n","protected":false},"excerpt":{"rendered":"Cerca de uma hora e meia depois, Kim Cattrall voltaria a este tema no painel \u201cSem morada fixa:&hellip;\n","protected":false},"author":2,"featured_media":135660,"comment_status":"","ping_status":"","sticky":false,"template":"","format":"standard","meta":{"footnotes":""},"categories":[145],"tags":[211,210,470,315,114,115,14580,32,33],"class_list":{"0":"post-135659","1":"post","2":"type-post","3":"status-publish","4":"format-standard","5":"has-post-thumbnail","7":"category-celebridades","8":"tag-celebridades","9":"tag-celebrities","10":"tag-cinema","11":"tag-cultura","12":"tag-entertainment","13":"tag-entretenimento","14":"tag-festivais-de-cinema","15":"tag-portugal","16":"tag-pt"},"share_on_mastodon":{"url":"https:\/\/pubeurope.com\/@pt\/115475797966460976","error":""},"_links":{"self":[{"href":"https:\/\/www.europesays.com\/pt\/wp-json\/wp\/v2\/posts\/135659","targetHints":{"allow":["GET"]}}],"collection":[{"href":"https:\/\/www.europesays.com\/pt\/wp-json\/wp\/v2\/posts"}],"about":[{"href":"https:\/\/www.europesays.com\/pt\/wp-json\/wp\/v2\/types\/post"}],"author":[{"embeddable":true,"href":"https:\/\/www.europesays.com\/pt\/wp-json\/wp\/v2\/users\/2"}],"replies":[{"embeddable":true,"href":"https:\/\/www.europesays.com\/pt\/wp-json\/wp\/v2\/comments?post=135659"}],"version-history":[{"count":0,"href":"https:\/\/www.europesays.com\/pt\/wp-json\/wp\/v2\/posts\/135659\/revisions"}],"wp:featuredmedia":[{"embeddable":true,"href":"https:\/\/www.europesays.com\/pt\/wp-json\/wp\/v2\/media\/135660"}],"wp:attachment":[{"href":"https:\/\/www.europesays.com\/pt\/wp-json\/wp\/v2\/media?parent=135659"}],"wp:term":[{"taxonomy":"category","embeddable":true,"href":"https:\/\/www.europesays.com\/pt\/wp-json\/wp\/v2\/categories?post=135659"},{"taxonomy":"post_tag","embeddable":true,"href":"https:\/\/www.europesays.com\/pt\/wp-json\/wp\/v2\/tags?post=135659"}],"curies":[{"name":"wp","href":"https:\/\/api.w.org\/{rel}","templated":true}]}}