{"id":135675,"date":"2025-11-01T18:34:10","date_gmt":"2025-11-01T18:34:10","guid":{"rendered":"https:\/\/www.europesays.com\/pt\/135675\/"},"modified":"2025-11-01T18:34:10","modified_gmt":"2025-11-01T18:34:10","slug":"farioli-a-narrativa-que-circula-por-ai-nao-e-correta","status":"publish","type":"post","link":"https:\/\/www.europesays.com\/pt\/135675\/","title":{"rendered":"Farioli: \u00abA narrativa que circula por a\u00ed n\u00e3o \u00e9 correta\u00bb"},"content":{"rendered":"<p style=\"margin-bottom:11px\"><strong>O treinador do FC Porto, Francesco Farioli, puxou dos gal\u00f5es para abordar o momento da equipa. O t\u00e9cnico italiano quis desmontar a \u00abnarrativa\u00bb de que os advers\u00e1rios j\u00e1 conhecem bem a forma de jogar dos drag\u00f5es e, por isso, t\u00eam anulado a equipa portista. Farioli lembrou dados estat\u00edsticos dos \u00faltimos jogos e at\u00e9 questionou os jornalistas.<\/strong><\/p>\n<p>\u00abPodes decidir atrair o advers\u00e1rio como quiseres, mas se eles n\u00e3o vierem\u2026 A narrativa que circula por a\u00ed n\u00e3o \u00e9 muito correta, honestamente. Estou curioso por perceber quantos de voc\u00eas habitualmente reveem o jogo no final. Quantos de voc\u00eas reveem o jogo com cabe\u00e7a fria? Um?\u00bb<\/p>\n<p>\u00abContra o Moreirense, ouvimos que \u201cagora sabemos o que fazem, bloque\u00e1mos tudo, tudo foi resolvido\u2026\u201d. Entr\u00e1mos na \u00e1rea 36 vezes e eles chegaram seis vezes. Tivemos quase dez remates \u00e0 baliza, eles tiveram um, foi o golo, com um desvio. No final de contas, tentar destruir uma certa forma de futebol \u00e9 f\u00e1cil. Derrubas, derrubas&#8230;\u00bb<\/p>\n<p>\u00abSe s\u00f3 jog\u00e1mos no meio-campo advers\u00e1rio, temos de ser mais pacientes, encontrar o momento certo e n\u00e3o entrar em loucuras e mudar muitas coisas. Temos de nos ajustar, porque cada jogo \u00e9 diferente, exige coisas diferentes, mas depois temos de ser frios e estar conscientes do que estamos a fazer, do nosso processo. Se quiserem falar de n\u00fameros, na \u00e9poca passada, no mesmo est\u00e1dio e com o mesmo advers\u00e1rio [Moreirense], tivemos uma diferen\u00e7a de 11 pontos e mais 19 golos esta \u00e9poca, enquanto na \u00e9poca passada foi de +3. Acho que estamos no caminho certo e h\u00e1 sempre coisas que poderemos melhorar.\u00bb<\/p>\n<p> Objetivo de tentar surpreender os advers\u00e1rios <\/p>\n<p>\u00abPara mim \u00e9 fazer as coisas bem, essa \u00e9 a chave, com o mesmo empenho, energia, paix\u00e3o e compromisso. \u00c9 o que temos de fazer quando encontramos equipas que defendem baixo. Mas amanh\u00e3 ser\u00e1 diferente, vamos encontrar uma equipa com um estilo completamente diferente, pressionam com muita intensidade, temos de mudar o chip para amanh\u00e3 e ir mais para o que aconteceu no in\u00edcio da \u00e9poca.\u00bb<\/p>\n","protected":false},"excerpt":{"rendered":"O treinador do FC Porto, Francesco Farioli, puxou dos gal\u00f5es para abordar o momento da equipa. O t\u00e9cnico&hellip;\n","protected":false},"author":2,"featured_media":101080,"comment_status":"","ping_status":"","sticky":false,"template":"","format":"standard","meta":{"footnotes":""},"categories":[87],"tags":[135,282,1011,6878,46,462,32,33,47,1233,134],"class_list":{"0":"post-135675","1":"post","2":"type-post","3":"status-publish","4":"format-standard","5":"has-post-thumbnail","7":"category-desporto","8":"tag-desporto","9":"tag-fc-porto","10":"tag-francesco-farioli","11":"tag-futebol-clube-do-porto","12":"tag-maisfutebol","13":"tag-porto","14":"tag-portugal","15":"tag-pt","16":"tag-pura-paixao","17":"tag-sp-braga","18":"tag-sports"},"share_on_mastodon":{"url":"https:\/\/pubeurope.com\/@pt\/115475884523553896","error":""},"_links":{"self":[{"href":"https:\/\/www.europesays.com\/pt\/wp-json\/wp\/v2\/posts\/135675","targetHints":{"allow":["GET"]}}],"collection":[{"href":"https:\/\/www.europesays.com\/pt\/wp-json\/wp\/v2\/posts"}],"about":[{"href":"https:\/\/www.europesays.com\/pt\/wp-json\/wp\/v2\/types\/post"}],"author":[{"embeddable":true,"href":"https:\/\/www.europesays.com\/pt\/wp-json\/wp\/v2\/users\/2"}],"replies":[{"embeddable":true,"href":"https:\/\/www.europesays.com\/pt\/wp-json\/wp\/v2\/comments?post=135675"}],"version-history":[{"count":0,"href":"https:\/\/www.europesays.com\/pt\/wp-json\/wp\/v2\/posts\/135675\/revisions"}],"wp:featuredmedia":[{"embeddable":true,"href":"https:\/\/www.europesays.com\/pt\/wp-json\/wp\/v2\/media\/101080"}],"wp:attachment":[{"href":"https:\/\/www.europesays.com\/pt\/wp-json\/wp\/v2\/media?parent=135675"}],"wp:term":[{"taxonomy":"category","embeddable":true,"href":"https:\/\/www.europesays.com\/pt\/wp-json\/wp\/v2\/categories?post=135675"},{"taxonomy":"post_tag","embeddable":true,"href":"https:\/\/www.europesays.com\/pt\/wp-json\/wp\/v2\/tags?post=135675"}],"curies":[{"name":"wp","href":"https:\/\/api.w.org\/{rel}","templated":true}]}}