{"id":135688,"date":"2025-11-01T18:58:20","date_gmt":"2025-11-01T18:58:20","guid":{"rendered":"https:\/\/www.europesays.com\/pt\/135688\/"},"modified":"2025-11-01T18:58:20","modified_gmt":"2025-11-01T18:58:20","slug":"ucrania-lanca-operacao-para-tomar-pokrovsk-onde-russos-eliminaram-grupo-de-ucranianos","status":"publish","type":"post","link":"https:\/\/www.europesays.com\/pt\/135688\/","title":{"rendered":"Ucr\u00e2nia lan\u00e7a opera\u00e7\u00e3o para tomar Pokrovsk onde russos eliminaram grupo de ucranianos"},"content":{"rendered":"<p>\t                V\u00e1rios helic\u00f3pteros participam na opera\u00e7\u00e3o para libertar estas zonas, consideradas estrategicamente importantes para a defesa ucraniana<\/p>\n<p>A Ucr\u00e2nia lan\u00e7ou uma opera\u00e7\u00e3o com for\u00e7as especiais para tomar de assalto as zonas de Pokrovsk controladas pela R\u00fassia, em Donetsk, onde o Minist\u00e9rio da Defesa russo disse este s\u00e1bado ter eliminado v\u00e1rios ucranianos quando tentavam aterrar um helic\u00f3ptero.<\/p>\n<p>Fontes das for\u00e7as de defesa ucranianas disseram \u00e0 emissora estatal Suspilne que ve\u00edculos a\u00e9reos de assalto da Dire\u00e7\u00e3o Principal de Intelig\u00eancia penetraram, h\u00e1 alguns dias, as zonas de Pokrovsk que os generais russos tinham anteriormente declarado como &#8220;capturadas&#8221;.<\/p>\n<p>V\u00e1rios helic\u00f3pteros participam na opera\u00e7\u00e3o para libertar estas zonas, consideradas estrategicamente importantes para a defesa ucraniana.<\/p>\n<p>De acordo com a Suspilne, o pr\u00f3prio respons\u00e1vel destas for\u00e7as especiais, Kirill Budanov, est\u00e1 no local a supervisionar a opera\u00e7\u00e3o.<\/p>\n<p>O Presidente ucraniano, Volodymyr Zelenskyy, admitiu na sexta-feira que a situa\u00e7\u00e3o em Pokrovsk \u00e9 dif\u00edcil, uma vez que os russos concentraram &#8220;todas as suas for\u00e7as&#8221; na cidade, afirmando que acumularam cerca de 170 mil soldados na zona circundante.<\/p>\n<p>O Minist\u00e9rio da Defesa russo afirmou ter eliminado um grupo de for\u00e7as especiais ucranianas que tentou aterrar um helic\u00f3ptero a um quil\u00f3metro da fortaleza de Pokrovsk, o principal campo de batalha entre as tropas de Moscovo e Kiev na regi\u00e3o de Donetsk.<\/p>\n<p>&#8220;A aterragem de um helic\u00f3ptero das for\u00e7as de opera\u00e7\u00f5es especiais da Ucr\u00e2nia foi impedida a aproximadamente um quil\u00f3metro a noroeste da cidade de Krasnoarmeysk (Pokrovsk, na Ucr\u00e2nia), na Rep\u00fablica Popular de Donetsk&#8221;, refere o comunicado militar.<\/p>\n<p>Segundo o comunicado, onze soldados inimigos foram mortos durante a opera\u00e7\u00e3o.<\/p>\n<p>Os militares informaram ainda que continuam a eliminar as for\u00e7as ucranianas cercadas perto da esta\u00e7\u00e3o ferrovi\u00e1ria da cidade.<\/p>\n<p>Outubro foi o m\u00eas em que a R\u00fassia lan\u00e7ou mais m\u00edsseis contra a Ucr\u00e2nia desde 2023, em ataques noturnos direcionados especificamente \u00e0 rede el\u00e9trica, de acordo com uma an\u00e1lise da Ag\u00eancia France Presse, contabilizada a partir de dados ucranianos.<\/p>\n<p>As for\u00e7as russas lan\u00e7aram 270 m\u00edsseis contra o pa\u00eds em outubro, um aumento de 46% em rela\u00e7\u00e3o a setembro, segundo uma compila\u00e7\u00e3o de dados fornecida diariamente pela For\u00e7a A\u00e9rea Ucraniana.<\/p>\n<p>Este \u00e9 o maior n\u00famero de m\u00edsseis lan\u00e7ados num \u00fanico m\u00eas contra a Ucr\u00e2nia durante bombardeamentos noturnos desde que a For\u00e7a A\u00e9rea Ucraniana come\u00e7ou a publicar estes relat\u00f3rios di\u00e1rios no in\u00edcio de 2023.<\/p>\n<p>Os ataques russos deixaram dezenas de milhares de pessoas sem eletricidade.<\/p>\n<p>Moscovo tem atacado a rede el\u00e9trica ucraniana pelo quarto inverno consecutivo, no \u00e2mbito de uma estrat\u00e9gia para enfraquecer a popula\u00e7\u00e3o civil ucraniana, segundo Kiev e os seus apoiantes.<\/p>\n","protected":false},"excerpt":{"rendered":"V\u00e1rios helic\u00f3pteros participam na opera\u00e7\u00e3o para libertar estas zonas, consideradas estrategicamente importantes para a defesa ucraniana A Ucr\u00e2nia&hellip;\n","protected":false},"author":2,"featured_media":128833,"comment_status":"","ping_status":"","sticky":false,"template":"","format":"standard","meta":{"footnotes":""},"categories":[50],"tags":[609,836,611,27,28,607,608,333,832,604,135,610,476,15,16,301,830,14,603,25,26,570,21,22,831,833,62,834,12,13,19,20,835,602,3106,52,32,23,24,839,17,18,840,29,30,31,63,64,65],"class_list":{"0":"post-135688","1":"post","2":"type-post","3":"status-publish","4":"format-standard","5":"has-post-thumbnail","7":"category-mundo","8":"tag-alerta","9":"tag-analise","10":"tag-ao-minuto","11":"tag-breaking-news","12":"tag-breakingnews","13":"tag-cnn","14":"tag-cnn-portugal","15":"tag-comentadores","16":"tag-costa","17":"tag-crime","18":"tag-desporto","19":"tag-direto","20":"tag-economia","21":"tag-featured-news","22":"tag-featurednews","23":"tag-governo","24":"tag-guerra","25":"tag-headlines","26":"tag-justica","27":"tag-latest-news","28":"tag-latestnews","29":"tag-live","30":"tag-main-news","31":"tag-mainnews","32":"tag-mais-vistas","33":"tag-marcelo","34":"tag-mundo","35":"tag-negocios","36":"tag-news","37":"tag-noticias","38":"tag-noticias-principais","39":"tag-noticiasprincipais","40":"tag-opiniao","41":"tag-pais","42":"tag-pokrovsk","43":"tag-politica","44":"tag-portugal","45":"tag-principais-noticias","46":"tag-principaisnoticias","47":"tag-russia","48":"tag-top-stories","49":"tag-topstories","50":"tag-ucrania","51":"tag-ultimas","52":"tag-ultimas-noticias","53":"tag-ultimasnoticias","54":"tag-world","55":"tag-world-news","56":"tag-worldnews"},"share_on_mastodon":{"url":"","error":"Validation failed: Text character limit of 500 exceeded"},"_links":{"self":[{"href":"https:\/\/www.europesays.com\/pt\/wp-json\/wp\/v2\/posts\/135688","targetHints":{"allow":["GET"]}}],"collection":[{"href":"https:\/\/www.europesays.com\/pt\/wp-json\/wp\/v2\/posts"}],"about":[{"href":"https:\/\/www.europesays.com\/pt\/wp-json\/wp\/v2\/types\/post"}],"author":[{"embeddable":true,"href":"https:\/\/www.europesays.com\/pt\/wp-json\/wp\/v2\/users\/2"}],"replies":[{"embeddable":true,"href":"https:\/\/www.europesays.com\/pt\/wp-json\/wp\/v2\/comments?post=135688"}],"version-history":[{"count":0,"href":"https:\/\/www.europesays.com\/pt\/wp-json\/wp\/v2\/posts\/135688\/revisions"}],"wp:featuredmedia":[{"embeddable":true,"href":"https:\/\/www.europesays.com\/pt\/wp-json\/wp\/v2\/media\/128833"}],"wp:attachment":[{"href":"https:\/\/www.europesays.com\/pt\/wp-json\/wp\/v2\/media?parent=135688"}],"wp:term":[{"taxonomy":"category","embeddable":true,"href":"https:\/\/www.europesays.com\/pt\/wp-json\/wp\/v2\/categories?post=135688"},{"taxonomy":"post_tag","embeddable":true,"href":"https:\/\/www.europesays.com\/pt\/wp-json\/wp\/v2\/tags?post=135688"}],"curies":[{"name":"wp","href":"https:\/\/api.w.org\/{rel}","templated":true}]}}