{"id":13572,"date":"2025-08-02T23:51:10","date_gmt":"2025-08-02T23:51:10","guid":{"rendered":"https:\/\/www.europesays.com\/pt\/13572\/"},"modified":"2025-08-02T23:51:10","modified_gmt":"2025-08-02T23:51:10","slug":"nao-confundas-amigo-com-amor-catarina-miranda-apaixonada-big-brother","status":"publish","type":"post","link":"https:\/\/www.europesays.com\/pt\/13572\/","title":{"rendered":"\u00abN\u00e3o confundas amigo com amor\u00bb: Catarina Miranda apaixonada? &#8211; Big Brother"},"content":{"rendered":"<p style=\"margin-bottom:11px\">No Big Brother Ver\u00e3o, durante o almo\u00e7o, Eduardo Ferreira afirma que Catarina Miranda est\u00e1 apaixonada e garante que o comportamento dela n\u00e3o deixa margem para d\u00favidas. Descubra todos os detalhes.<\/p>\n<p>Esta semana, h\u00e1 cinco concorrentes em risco. Vote para salvar:\u00a0<\/p>\n<p>Afonso Leit\u00e3o: 761 20 20 01\u00a0<br \/>Catarina Miranda: 761 20 20 05\u00a0<br \/>Kina: 761 20 20 08\u00a0<br \/>Daniela Santos: 761 20 20 16\u00a0<br \/>Jo\u00e3o Oliveira: 761 \u00a0 20 20 19\u00a0<\/p>\n<p><a href=\"https:\/\/tvi.iol.pt\/bigbrother\/aominuto\" wbo-id=\"20\" rel=\"nofollow noopener\" target=\"_blank\">Acompanhe aqui tudo o que se passa na casa mais vigiada do pa\u00eds.<\/a><\/p>\n","protected":false},"excerpt":{"rendered":"No Big Brother Ver\u00e3o, durante o almo\u00e7o, Eduardo Ferreira afirma que Catarina Miranda est\u00e1 apaixonada e garante que&hellip;\n","protected":false},"author":2,"featured_media":13573,"comment_status":"","ping_status":"","sticky":false,"template":"","format":"standard","meta":{"footnotes":""},"categories":[142],"tags":[331,48,329,333,328,335,336,114,115,334,332,330,13,32,33,151,162,227],"class_list":{"0":"post-13572","1":"post","2":"type-post","3":"status-publish","4":"format-standard","5":"has-post-thumbnail","7":"category-tv","8":"tag-big","9":"tag-big-brother","10":"tag-claudio-ramos","11":"tag-comentadores","12":"tag-concorrentes","13":"tag-confrontos","14":"tag-discussoes","15":"tag-entertainment","16":"tag-entretenimento","17":"tag-exclusivos","18":"tag-expulso","19":"tag-gala","20":"tag-noticias","21":"tag-portugal","22":"tag-pt","23":"tag-tv","24":"tag-tvi","25":"tag-videos"},"share_on_mastodon":{"url":"","error":""},"_links":{"self":[{"href":"https:\/\/www.europesays.com\/pt\/wp-json\/wp\/v2\/posts\/13572","targetHints":{"allow":["GET"]}}],"collection":[{"href":"https:\/\/www.europesays.com\/pt\/wp-json\/wp\/v2\/posts"}],"about":[{"href":"https:\/\/www.europesays.com\/pt\/wp-json\/wp\/v2\/types\/post"}],"author":[{"embeddable":true,"href":"https:\/\/www.europesays.com\/pt\/wp-json\/wp\/v2\/users\/2"}],"replies":[{"embeddable":true,"href":"https:\/\/www.europesays.com\/pt\/wp-json\/wp\/v2\/comments?post=13572"}],"version-history":[{"count":0,"href":"https:\/\/www.europesays.com\/pt\/wp-json\/wp\/v2\/posts\/13572\/revisions"}],"wp:featuredmedia":[{"embeddable":true,"href":"https:\/\/www.europesays.com\/pt\/wp-json\/wp\/v2\/media\/13573"}],"wp:attachment":[{"href":"https:\/\/www.europesays.com\/pt\/wp-json\/wp\/v2\/media?parent=13572"}],"wp:term":[{"taxonomy":"category","embeddable":true,"href":"https:\/\/www.europesays.com\/pt\/wp-json\/wp\/v2\/categories?post=13572"},{"taxonomy":"post_tag","embeddable":true,"href":"https:\/\/www.europesays.com\/pt\/wp-json\/wp\/v2\/tags?post=13572"}],"curies":[{"name":"wp","href":"https:\/\/api.w.org\/{rel}","templated":true}]}}