{"id":135725,"date":"2025-11-01T19:34:18","date_gmt":"2025-11-01T19:34:18","guid":{"rendered":"https:\/\/www.europesays.com\/pt\/135725\/"},"modified":"2025-11-01T19:34:18","modified_gmt":"2025-11-01T19:34:18","slug":"matador-de-aluguel-pode-ganhar-duas-sequencias","status":"publish","type":"post","link":"https:\/\/www.europesays.com\/pt\/135725\/","title":{"rendered":"&#8216;Matador de Aluguel&#8217; pode ganhar duas sequ\u00eancias!"},"content":{"rendered":"<p>O remake<strong> \u2018Matador de Aluguel\u2019<\/strong> (Road House), pode gerar n\u00e3o uma, mas duas sequ\u00eancias completamente distintas. A pol\u00eamica surge das cont\u00ednuas disputas entre o diretor do primeiro filme, <strong>Doug Liman<\/strong>, e a <strong>Amazon MGM Studios<\/strong>, conforme revelado pelo <a href=\"https:\/\/deadline.com\/2025\/10\/road-house-2-doug-liman-amazon-david-oyelowo-scholarships-1236601932\/\" rel=\"nofollow noopener\" target=\"_blank\">Deadline<\/a>.<\/p>\n<p>Em um movimento audacioso e discreto, o diretor Doug Liman adquiriu os direitos da sequ\u00eancia original escrita pelo roteirista do filme de 1989, <strong>R. Lance Hill.<\/strong><\/p>\n<p>O filme de Liman se chamaria \u201cRoad House: Dylan\u201d. O longa seria a sequ\u00eancia direta do ic\u00f4nico filme original de 1989, estrelado por Patrick Swayze como o \u201cdur\u00e3o zen\u201d Dalton.<\/p>\n<p>Em paralelo, a\u00a0<strong>Amazon MGM Studios<\/strong> j\u00e1 est\u00e1 desenvolvendo <strong>\u2018Matador de Aluguel 2\u2019<\/strong>, dando continuidade \u00e0 hist\u00f3ria iniciada no remake de 2024.<\/p>\n<p><strong>Ilya Naishuler (\u2018Ningu\u00e9m\u2019)<\/strong> assumir\u00e1 o comando ap\u00f3s a sa\u00edda pol\u00eamica de <strong>Doug Liman<\/strong> do projeto original.<\/p>\n<p><strong>Jake Gyllenhaal<\/strong> retornar\u00e1 como Elwood Dalton, o ex-lutador de UFC que vira seguran\u00e7a de bar. O elenco tamb\u00e9m deve incluir nomes como <strong>Dave Bautista<\/strong>, <strong>Aldis Hodge<\/strong> e <strong>Leila George.<\/strong><\/p>\n<p>O plano \u00e9 que a sequ\u00eancia seja lan\u00e7ada diretamente no servi\u00e7o de streaming Prime Video, seguindo a estrat\u00e9gia do primeiro filme.<\/p>\n<p><a href=\"https:\/\/cinepop.com.br\/diretor-de-matador-de-aluguel-reclama-de-falta-de-pagamento-adicional-apos-sucesso-do-remake-556667\/\" rel=\"nofollow noopener\" target=\"_blank\">Diretor de \u2018Matador de Aluguel\u2019 reclama de falta de pagamento adicional ap\u00f3s sucesso do remake<\/a><\/p>\n<p>A disputa entre <strong>Liman<\/strong> e a <strong>Amazon MGM<\/strong> decorre da decis\u00e3o do est\u00fadio de lan\u00e7ar o remake de 2024 diretamente no streaming, frustrando os planos de <strong>Liman<\/strong> de uma estreia nos cinemas. O sucesso, no entanto, foi ineg\u00e1vel para a Amazon:<\/p>\n<p>O filme original de 2024, estrelado por <strong>Jake Gyllenhaal<\/strong>, se tornou a maior estreia de filme de todos os tempos do <strong>Amazon MGM Studios<\/strong>, com mais de <strong>50 milh\u00f5es<\/strong> de espectadores em todo o mundo nas primeiras duas semanas no Prime Video.<\/p>\n<p>Essa audi\u00eancia recorde refor\u00e7ou a decis\u00e3o da <strong>Amazon<\/strong> de investir em uma sequ\u00eancia pr\u00f3pria, enquanto o diretor <strong>Liman<\/strong> busca sua vis\u00e3o em um projeto separado ligado ao cl\u00e1ssico de 1989.<\/p>\n<p><a href=\"https:\/\/cinepop.com.br\/matador-de-aluguel-video-compila-os-melhores-momentos-de-jake-gyllenhaal-no-remake-confira-485971\/\" rel=\"nofollow noopener\" target=\"_blank\">\u2018Matador de Aluguel\u2019: V\u00eddeo compila os MELHORES momentos de Jake Gyllenhaal no remake; Confira!<\/a><\/p>\n<p>Confira o trailer e siga o <a href=\"https:\/\/www.youtube.com\/cinepop?sub_confirmation=1\" target=\"_blank\" rel=\"noopener nofollow\"><strong>CinePOP no Youtube<\/strong><\/a>:<\/p>\n<p><img fetchpriority=\"high\" decoding=\"async\" class=\"alignnone size-full wp-image-467671\" src=\"https:\/\/www.europesays.com\/pt\/wp-content\/uploads\/2025\/11\/matadordealuguel_1.jpg\" alt=\"\" width=\"800\" height=\"1000\"\/><\/p>\n<p><strong><img loading=\"lazy\" decoding=\"async\" class=\"alignnone size-full wp-image-471937\" src=\"https:\/\/www.europesays.com\/pt\/wp-content\/uploads\/2025\/11\/road-house-jake-gyllenhaal.jpg\" alt=\"\" width=\"800\" height=\"1000\"  \/><\/strong><\/p>\n","protected":false},"excerpt":{"rendered":"O remake \u2018Matador de Aluguel\u2019 (Road House), pode gerar n\u00e3o uma, mas duas sequ\u00eancias completamente distintas. A pol\u00eamica&hellip;\n","protected":false},"author":2,"featured_media":135726,"comment_status":"","ping_status":"","sticky":false,"template":"","format":"standard","meta":{"footnotes":""},"categories":[140],"tags":[30452,13231,30453,30454,30455,19332,30456,30457,114,115,3639,147,148,30458,30459,30460,30461,30462,23750,30463,146,30464,32,33,30465,30466],"class_list":{"0":"post-135725","1":"post","2":"type-post","3":"status-publish","4":"format-standard","5":"has-post-thumbnail","7":"category-filmes","8":"tag-aldis-hodge","9":"tag-amazon-prime","10":"tag-arturo-castro","11":"tag-beau-knapp","12":"tag-billy-magnussen","13":"tag-dave-bautista","14":"tag-disclaimer","15":"tag-doug-liman","16":"tag-entertainment","17":"tag-entretenimento","18":"tag-featured","19":"tag-film","20":"tag-filmes","21":"tag-gbemisola-ikumelo","22":"tag-in-the-grey","23":"tag-jake-gyllenhaal","24":"tag-josh-mclaughlin","25":"tag-leila-george","26":"tag-lukas-gage","27":"tag-matador-de-aluguel","28":"tag-movies","29":"tag-patrick-swayze","30":"tag-portugal","31":"tag-pt","32":"tag-travis-van-winkle","33":"tag-will-beall"},"share_on_mastodon":{"url":"https:\/\/pubeurope.com\/@pt\/115476120607297687","error":""},"_links":{"self":[{"href":"https:\/\/www.europesays.com\/pt\/wp-json\/wp\/v2\/posts\/135725","targetHints":{"allow":["GET"]}}],"collection":[{"href":"https:\/\/www.europesays.com\/pt\/wp-json\/wp\/v2\/posts"}],"about":[{"href":"https:\/\/www.europesays.com\/pt\/wp-json\/wp\/v2\/types\/post"}],"author":[{"embeddable":true,"href":"https:\/\/www.europesays.com\/pt\/wp-json\/wp\/v2\/users\/2"}],"replies":[{"embeddable":true,"href":"https:\/\/www.europesays.com\/pt\/wp-json\/wp\/v2\/comments?post=135725"}],"version-history":[{"count":0,"href":"https:\/\/www.europesays.com\/pt\/wp-json\/wp\/v2\/posts\/135725\/revisions"}],"wp:featuredmedia":[{"embeddable":true,"href":"https:\/\/www.europesays.com\/pt\/wp-json\/wp\/v2\/media\/135726"}],"wp:attachment":[{"href":"https:\/\/www.europesays.com\/pt\/wp-json\/wp\/v2\/media?parent=135725"}],"wp:term":[{"taxonomy":"category","embeddable":true,"href":"https:\/\/www.europesays.com\/pt\/wp-json\/wp\/v2\/categories?post=135725"},{"taxonomy":"post_tag","embeddable":true,"href":"https:\/\/www.europesays.com\/pt\/wp-json\/wp\/v2\/tags?post=135725"}],"curies":[{"name":"wp","href":"https:\/\/api.w.org\/{rel}","templated":true}]}}