{"id":135727,"date":"2025-11-01T19:35:08","date_gmt":"2025-11-01T19:35:08","guid":{"rendered":"https:\/\/www.europesays.com\/pt\/135727\/"},"modified":"2025-11-01T19:35:08","modified_gmt":"2025-11-01T19:35:08","slug":"incrivel-al-ittihad-de-conceicao-empata-4-4-depois-de-ter-estado-a-perder-4-0","status":"publish","type":"post","link":"https:\/\/www.europesays.com\/pt\/135727\/","title":{"rendered":"INCR\u00cdVEL: Al Ittihad de Concei\u00e7\u00e3o empata 4-4 depois de ter estado a perder 4-0"},"content":{"rendered":"<p>Sensacional! O Al Ittihad de S\u00e9rgio Concei\u00e7\u00e3o estava a perder por 4-0 e reduzido a dez em casa do Al Khaleej, mas ainda foi a tempo de recuperar e, com dois golos j\u00e1 para l\u00e1 dos 90, ainda salvou a honra com um espetacular empate 4-4 em jogo da 7.\u00aa jornada da liga saudita.<\/p>\n<p>Tudo apontava para uma tarde de pesadelo para o treinador portugu\u00eas que ficou reduzido a dez ainda na primeira parte e viu o advers\u00e1rio marcar o quarto golo no in\u00edcio do segundo tempo. No entanto, poucos dias depois de <a href=\"https:\/\/maisfutebol.iol.pt\/made-in\/internacional\/arabia-saudita-conceicao-bate-jesus-cr7-e-felix-e-avanca-na-taca\" rel=\"nofollow noopener\" target=\"_blank\">afastar o Al Nassr de Jorge Jesus<\/a>, tamb\u00e9m reduzido a dez, o Al Ittihad voltou a puxar dos gal\u00f5es de campe\u00e3o e, mesmo sem Karim Benzema, ainda foi a tempo de evitar a derrota.<\/p>\n<p><a href=\"https:\/\/maisfutebol.iol.pt\/jogo\/al-khaleej\/al-ittihad\/13830044\" rel=\"nofollow noopener\" target=\"_blank\">Confira o FILME DO JOGO<\/a><\/p>\n<p>Uma surpresa ainda antes do jogo come\u00e7ar, com Karim Benzema, a grande estrela do Al Ittihad a n\u00e3o constar na ficha de jogo, numa altura em que se fala da ambi\u00e7\u00e3o do avan\u00e7ado franc\u00eas em regressar \u00e0 Europa, mas o pior estava para vir. N\u00e3o jogou o franc\u00eas, mas Danilo Pereira e Roger Fernandes foram titulares na equipa de Jeddah.<\/p>\n<p>A equipa da casa, com Pedro Rebocho de in\u00edcio, entrou forte no jogo e chegou \u00e0 vantagem aos 14 minutos, na sequ\u00eancia de um canto, com Fortounis a assistir para o golo de Joshua King, num lance em que a defesa do Al Ittihad n\u00e3o ficou nada bem na fotografia.<\/p>\n<p>Se o primeiro golo j\u00e1 deve ter deixado S\u00e9rgio Concei\u00e7\u00e3o irritado, imaginem como ficou no segundo, tr\u00eas minutos depois. Um golo surreal, com o guarda-redes Pedrag Rajkovic, que na v\u00e9spera tinha festejado 30 anos, a sair da baliza para se antecipar a um advers\u00e1rio e a conduzir a bola para a linha lateral. O Al ittihad acaba por perder a bola, Rajkovic n\u00e3o recuperou e Fortounis atira para as redes vazias.<\/p>\n<p>Dois golos em tr\u00eas minutos e o Al Ittihad de cabe\u00e7a perdida, com tr\u00eas amarelos consecutivos, o \u00faltimo dos quais, mostrado a Fabinho, a mudar para vermelho, depois do \u00e1rbitro ter ido rever as imagens. Um lance que proporciono ainda um pen\u00e1lti para a equipa da casa, com Fortounis a bisar antes do intervalo, com as bancadas em del\u00edrio com o 3-0 para a equipa da casa.<\/p>\n<p>A segunda parte come\u00e7ou praticamente com o quarto golo do Al Khaleej, aos 47 minutos, em mais uma transi\u00e7\u00e3o, outra vez com os mesmos protagonistas, com Fortounis a servir Joshua King que voltou a bater Rajkovic.<\/p>\n<p>Desta vez o Al Ittihad respondeu e, quatro minutos depois, reduziu a diferen\u00e7a, numa jogada de insist\u00eancia, com Moussa Diaby a atirar a contar. Um golo que dava esperan\u00e7a ao Al Ittihad, apesar dos minutos correrem c\u00e9leres para o final.<\/p>\n<p>O resultado parecia estar encontrado, mas o Al Ittihad n\u00e3o baixou os bra\u00e7os e proporcionou um verdadeiro golpe de teatro nos instantes finais do jogo. Moussa Diaby bisou aos 86 e, j\u00e1 em tempo de compensa\u00e7\u00e3o, Mario Mitaj fez o 3-4, enquanto Faisel Al-Ghamdi, lan\u00e7ado por Concei\u00e7\u00e3o j\u00e1 depois dos 90, atirou para o 4-4 para desespero dos adeptos do Al Khaleej.<\/p>\n<p>Com este empate, Al KHaleej e Al Ittihad continuam colados na <a href=\"https:\/\/maisfutebol.iol.pt\/resultadoseclassificacoes\/139\/arabia-saudita\/saudi-league\" rel=\"nofollow noopener\" target=\"_blank\">classifica\u00e7\u00e3o da liga saudita<\/a>, agora com 11 pontos, menos sete do que o l\u00edder Al Nassr.<\/p>\n<p><strong>A festa de S\u00e9rgio Concei\u00e7\u00e3o<\/strong><\/p>\n<blockquote class=\"twitter-tweet\" data-media-max-width=\"560\">\n<p lang=\"hi\">14&#8242; : Al Khaleej 1-0 Al Ittihad<br \/>18&#8242; : Al Khaleej 2-0 Al Ittihad<br \/>37&#8242; : Al Khaleej 3-0 Al Ittihad<br \/>47&#8242; : Al Khaleej 4-0 Al Ittihad<br \/>51&#8242; : Al Khaleej 4-1 Al Ittihad<br \/>86&#8242; : Al Khaleej 4-2 Al Ittihad<br \/>90+6&#8242; : Al Khaleej 4-3 Al Ittihad<br \/>90+8&#8242; : Al Khaleej 4-4 Al Ittihad<\/p>\n<p>Avec un rouge ! \ud83d\ude31 <a href=\"https:\/\/t.co\/fepp2PfuhJ\" rel=\"nofollow\">pic.twitter.com\/fepp2PfuhJ<\/a><\/p>\n<p> \u2014 SPL \ud83c\uddf8\ud83c\udde6 (@ActuSPL)<br \/>\n  <a href=\"https:\/\/twitter.com\/ActuSPL\/status\/1984665011776594277?ref_src=twsrc%5Etfw\" rel=\"nofollow noopener\" target=\"_blank\">November 1, 2025<\/a>\n <\/p><\/blockquote>\n<p>                                <script async src=\"https:\/\/platform.twitter.com\/widgets.js\" charset=\"utf-8\"><\/script><\/p>\n","protected":false},"excerpt":{"rendered":"Sensacional! O Al Ittihad de S\u00e9rgio Concei\u00e7\u00e3o estava a perder por 4-0 e reduzido a dez em casa&hellip;\n","protected":false},"author":2,"featured_media":135728,"comment_status":"","ping_status":"","sticky":false,"template":"","format":"standard","meta":{"footnotes":""},"categories":[87],"tags":[2120,30467,1145,30469,135,30471,82,30470,436,46,30472,30468,32,33,47,2339,5540,134],"class_list":{"0":"post-135727","1":"post","2":"type-post","3":"status-publish","4":"format-standard","5":"has-post-thumbnail","7":"category-desporto","8":"tag-al-ittihad","9":"tag-al-khaleej","10":"tag-arabia-saudita","11":"tag-danilo-pereira","12":"tag-desporto","13":"tag-fortounis","14":"tag-internacional","15":"tag-joshua-king","16":"tag-made-in","17":"tag-maisfutebol","18":"tag-moussa-diaby","19":"tag-pedro-rebocho","20":"tag-portugal","21":"tag-pt","22":"tag-pura-paixao","23":"tag-roger-fernandes","24":"tag-sergio-conceicao","25":"tag-sports"},"share_on_mastodon":{"url":"","error":""},"_links":{"self":[{"href":"https:\/\/www.europesays.com\/pt\/wp-json\/wp\/v2\/posts\/135727","targetHints":{"allow":["GET"]}}],"collection":[{"href":"https:\/\/www.europesays.com\/pt\/wp-json\/wp\/v2\/posts"}],"about":[{"href":"https:\/\/www.europesays.com\/pt\/wp-json\/wp\/v2\/types\/post"}],"author":[{"embeddable":true,"href":"https:\/\/www.europesays.com\/pt\/wp-json\/wp\/v2\/users\/2"}],"replies":[{"embeddable":true,"href":"https:\/\/www.europesays.com\/pt\/wp-json\/wp\/v2\/comments?post=135727"}],"version-history":[{"count":0,"href":"https:\/\/www.europesays.com\/pt\/wp-json\/wp\/v2\/posts\/135727\/revisions"}],"wp:featuredmedia":[{"embeddable":true,"href":"https:\/\/www.europesays.com\/pt\/wp-json\/wp\/v2\/media\/135728"}],"wp:attachment":[{"href":"https:\/\/www.europesays.com\/pt\/wp-json\/wp\/v2\/media?parent=135727"}],"wp:term":[{"taxonomy":"category","embeddable":true,"href":"https:\/\/www.europesays.com\/pt\/wp-json\/wp\/v2\/categories?post=135727"},{"taxonomy":"post_tag","embeddable":true,"href":"https:\/\/www.europesays.com\/pt\/wp-json\/wp\/v2\/tags?post=135727"}],"curies":[{"name":"wp","href":"https:\/\/api.w.org\/{rel}","templated":true}]}}