{"id":135729,"date":"2025-11-01T19:36:29","date_gmt":"2025-11-01T19:36:29","guid":{"rendered":"https:\/\/www.europesays.com\/pt\/135729\/"},"modified":"2025-11-01T19:36:29","modified_gmt":"2025-11-01T19:36:29","slug":"essa-vitamina-vital-esta-em-falta-no-corpo-de-milhoes-de-brasileiros","status":"publish","type":"post","link":"https:\/\/www.europesays.com\/pt\/135729\/","title":{"rendered":"Essa vitamina vital est\u00e1 em falta no corpo de milh\u00f5es de brasileiros"},"content":{"rendered":"<p><strong>A vitamina B12 \u00e9 um nutriente fundamental para o bom funcionamento do corpo, mas boa parte dos brasileiros n\u00e3o consome o suficiente. <\/strong>Presente em alimentos de origem animal, ela atua na forma\u00e7\u00e3o do sangue, na sa\u00fade do sistema nervoso e na produ\u00e7\u00e3o de energia. Sua defici\u00eancia \u00e9 silenciosa, mas pode causar sintomas s\u00e9rios se n\u00e3o for tratada a tempo.<\/p>\n<p>Por que a vitamina B12 \u00e9 t\u00e3o importante para o organismo<\/p>\n<p>A B12, tamb\u00e9m chamada de <strong>cobalamina<\/strong>, \u00e9 essencial para a produ\u00e7\u00e3o de gl\u00f3bulos vermelhos e para o bom funcionamento cerebral. Sem ela, o corpo perde energia, a mem\u00f3ria pode ser afetada e o metabolismo desacelera.<\/p>\n<p>Al\u00e9m disso, ela participa de processos vitais como a regenera\u00e7\u00e3o celular e o fortalecimento do sistema imunol\u00f3gico, prevenindo doen\u00e7as e melhorando o bem-estar geral.<\/p>\n<p>Leia tamb\u00e9m: \u201c<strong><a href=\"https:\/\/www.tupi.fm\/saude\/os-alongamentos-poderosos-para-acabar-com-as-dores-nas-costas-de-uma-vez\/\" target=\"_blank\" rel=\"noreferrer noopener nofollow\">Os alongamentos poderosos para acabar com as dores nas costas de uma vez<\/a><\/strong>\u201c<\/p>\n<p>Quais s\u00e3o os principais sinais de defici\u00eancia de vitamina B12<\/p>\n<p>A falta dessa vitamina pode demorar a ser percebida, pois os sintomas aparecem de forma gradual. Prestar aten\u00e7\u00e3o ao corpo \u00e9 fundamental para identificar o problema.<br \/>Entre os sinais mais comuns est\u00e3o:<\/p>\n<ul class=\"wp-block-list\">\n<li>Cansa\u00e7o constante e fraqueza.<\/li>\n<li>Formigamento nas m\u00e3os e nos p\u00e9s.<\/li>\n<li>Queda de cabelo e unhas fracas.<\/li>\n<li>Falhas de mem\u00f3ria e dificuldade de concentra\u00e7\u00e3o.<\/li>\n<li>Palidez e tonturas frequentes.<\/li>\n<\/ul>\n<p>Esses sintomas indicam que o corpo est\u00e1 com dificuldade de produzir energia e manter o equil\u00edbrio neurol\u00f3gico.<\/p>\n<p><img loading=\"lazy\" decoding=\"async\" width=\"1024\" height=\"640\" src=\"data:image\/svg+xml,%3Csvg%20xmlns=\" http:=\"\" alt=\"Essa vitamina vital est\u00e1 em falta no corpo de milh\u00f5es de brasileiros&#10;\" class=\"wp-image-2193990\" data-lazy- data-lazy- data-lazy-src=\"https:\/\/www.europesays.com\/pt\/wp-content\/uploads\/2025\/11\/dsdsd1-e1761856684699-1024x640.jpg\"\/>ouca gente sabe, mas esse nutriente \u00e9 indispens\u00e1vel para o bom funcionamento do corpo e da mente. \u2013 Imagem ilustrativa. <\/p>\n<p>Quais alimentos s\u00e3o ricos em vitamina B12<\/p>\n<p>A principal fonte de B12 s\u00e3o os produtos de origem animal, o que explica por que vegetarianos e veganos precisam redobrar a aten\u00e7\u00e3o.<br \/>As melhores op\u00e7\u00f5es incluem carnes magras, ovos, leite e derivados.<\/p>\n<p><strong>Dica r\u00e1pida:<\/strong> entre os alimentos com maior concentra\u00e7\u00e3o est\u00e3o o f\u00edgado bovino, os ovos, o salm\u00e3o e o leite integral. Para quem n\u00e3o consome esses produtos, h\u00e1 suplementos que garantem a reposi\u00e7\u00e3o adequada.<\/p>\n<p>Como diagnosticar e tratar a defici\u00eancia de B12<\/p>\n<p>O diagn\u00f3stico \u00e9 feito por meio de exames de sangue simples, que medem os n\u00edveis de cobalamina. Se houver defici\u00eancia, o m\u00e9dico pode indicar suplementa\u00e7\u00e3o oral ou injet\u00e1vel, dependendo do caso.<\/p>\n<p>O tratamento costuma ser r\u00e1pido e eficaz, e os sintomas melhoram em poucas semanas ap\u00f3s a reposi\u00e7\u00e3o correta da vitamina.<\/p>\n<p>Por que os brasileiros t\u00eam tanta defici\u00eancia de vitamina B12<\/p>\n<p>O estilo de vida moderno, com dietas restritivas e pouca variedade alimentar, \u00e9 uma das principais causas do problema. Al\u00e9m disso, o uso prolongado de certos medicamentos e dist\u00farbios intestinais podem dificultar a absor\u00e7\u00e3o da vitamina.<\/p>\n<p>Cuidar da alimenta\u00e7\u00e3o e realizar exames de rotina \u00e9 a melhor forma de evitar complica\u00e7\u00f5es. A <strong>vitamina <a href=\"https:\/\/pt.wikipedia.org\/wiki\/Vitamina_B12\" target=\"_blank\" rel=\"noreferrer noopener nofollow\">B12<\/a><\/strong> \u00e9 essencial \u2014 e garantir seus n\u00edveis adequados \u00e9 cuidar diretamente da energia, da mente e da sa\u00fade do<\/p>\n","protected":false},"excerpt":{"rendered":"A vitamina B12 \u00e9 um nutriente fundamental para o bom funcionamento do corpo, mas boa parte dos brasileiros&hellip;\n","protected":false},"author":2,"featured_media":135730,"comment_status":"","ping_status":"","sticky":false,"template":"","format":"standard","meta":{"footnotes":""},"categories":[86],"tags":[30475,3570,5250,6597,5963,19220,116,30474,32,33,117,30473,10106],"class_list":{"0":"post-135729","1":"post","2":"type-post","3":"status-publish","4":"format-standard","5":"has-post-thumbnail","7":"category-saude","8":"tag-brasileiros","9":"tag-corpo","10":"tag-es","11":"tag-essa","12":"tag-est","13":"tag-falta","14":"tag-health","15":"tag-milh","16":"tag-portugal","17":"tag-pt","18":"tag-saude","19":"tag-vital","20":"tag-vitamina"},"share_on_mastodon":{"url":"https:\/\/pubeurope.com\/@pt\/115476128260229532","error":""},"_links":{"self":[{"href":"https:\/\/www.europesays.com\/pt\/wp-json\/wp\/v2\/posts\/135729","targetHints":{"allow":["GET"]}}],"collection":[{"href":"https:\/\/www.europesays.com\/pt\/wp-json\/wp\/v2\/posts"}],"about":[{"href":"https:\/\/www.europesays.com\/pt\/wp-json\/wp\/v2\/types\/post"}],"author":[{"embeddable":true,"href":"https:\/\/www.europesays.com\/pt\/wp-json\/wp\/v2\/users\/2"}],"replies":[{"embeddable":true,"href":"https:\/\/www.europesays.com\/pt\/wp-json\/wp\/v2\/comments?post=135729"}],"version-history":[{"count":0,"href":"https:\/\/www.europesays.com\/pt\/wp-json\/wp\/v2\/posts\/135729\/revisions"}],"wp:featuredmedia":[{"embeddable":true,"href":"https:\/\/www.europesays.com\/pt\/wp-json\/wp\/v2\/media\/135730"}],"wp:attachment":[{"href":"https:\/\/www.europesays.com\/pt\/wp-json\/wp\/v2\/media?parent=135729"}],"wp:term":[{"taxonomy":"category","embeddable":true,"href":"https:\/\/www.europesays.com\/pt\/wp-json\/wp\/v2\/categories?post=135729"},{"taxonomy":"post_tag","embeddable":true,"href":"https:\/\/www.europesays.com\/pt\/wp-json\/wp\/v2\/tags?post=135729"}],"curies":[{"name":"wp","href":"https:\/\/api.w.org\/{rel}","templated":true}]}}