{"id":135749,"date":"2025-11-01T19:50:39","date_gmt":"2025-11-01T19:50:39","guid":{"rendered":"https:\/\/www.europesays.com\/pt\/135749\/"},"modified":"2025-11-01T19:50:39","modified_gmt":"2025-11-01T19:50:39","slug":"prefeitura-de-goiania-registra-aumento-de-824-na-vacinacao","status":"publish","type":"post","link":"https:\/\/www.europesays.com\/pt\/135749\/","title":{"rendered":"Prefeitura de Goi\u00e2nia registra aumento de 82,4% na vacina\u00e7\u00e3o"},"content":{"rendered":"<p>&#13;<br \/>\n<strong>A Reda\u00e7\u00e3o<\/p>\n<p>Goi\u00e2nia &#8211;\u00a0<\/p>\n<p><\/strong>A prefeitura de Goi\u00e2nia registrou um aumento de 82,4% na vacina\u00e7\u00e3o, com\u00a01.096.625 doses de imunizantes aplicadas entre janeiro e outubro de 2025.\u00a0\u201cN\u00e3o estamos falando apenas de n\u00fameros, mas de cuidado, de retomada da confian\u00e7a na ci\u00eancia e de vidas protegidas. \u00c9 um dado que merece ser celebrado\u201d, destacou Pellizzer. \u201cA vacina\u00e7\u00e3o \u00e9 uma das estrat\u00e9gias mais eficazes para reduzir a circula\u00e7\u00e3o de v\u00edrus e bact\u00e9rias, controlar surtos e erradicar doen\u00e7as\u201d, ressalta o titular da Secretaria Municipal de Sa\u00fade (SMS), Luiz Pellizzer.&#13;<\/p>\n<p>&#13;<br \/>\n\t\u00a0<\/p>\n<p>&#13;<\/p>\n<p>&#13;<br \/>\n\tEntre as estrat\u00e9gias da pasta para amplia\u00e7\u00e3o do total de doses aplicadas est\u00e1 o aumento na abertura de pontos de vacina\u00e7\u00e3o disponibilizados \u00e0 popula\u00e7\u00e3o, de 29 para 62, al\u00e9m da contrata\u00e7\u00e3o de 98 novos profissionais de sa\u00fade para refor\u00e7ar as escalas das unidades e da oferta de imunizantes em locais alternativos como shopping centers, centros de educa\u00e7\u00e3o infantil e o zool\u00f3gico.<\/p>\n<p>&#13;<\/p>\n<p>&#13;<br \/>\n\t\u00a0<\/p>\n<p>&#13;<\/p>\n<p>&#13;<br \/>\n\t\u201cAo se vacinar, voc\u00ea sustenta a prote\u00e7\u00e3o individual e, ao mesmo tempo, promove a imunidade coletiva, assegurando que at\u00e9 mesmo aqueles que n\u00e3o podem ser vacinados estejam mais protegidos\u201d, diz Luiz Pellizzer. Segundo levantamento divulgado pela SMS, os imunizantes com maior procura pelos goianienses foram as vacinas contra Influenza, difteria e t\u00e9tano e febre amarela.<\/p>\n<p>&#13;<\/p>\n<p>&#13;<br \/>\n\t\u00a0<\/p>\n<p>&#13;<\/p>\n<p>&#13;<br \/>\n\t\u201cApenas contra Influenza, foram mais de 484 mil doses aplicadas em Goi\u00e2nia\u201d, pontua o superintendente de Vigil\u00e2ncia em Sa\u00fade da SMS, Fl\u00e1vio Toledo. \u201c\u00c9 um marco muito significativo de responsabilidade social e compromisso com a sa\u00fade coletiva\u201d, aponta o superintendente.\u00a0\u00a0<\/p>\n<p>&#13;<br \/>\n<br \/>&#13;<br \/>\n<strong>Leia mais:<br \/>&#13;<br \/>\n<a href=\"https:\/\/www.aredacao.com.br\/vida-e-saude\/242909\/goias-registra-reducao-de-quase-80-no-numero-casos-notificados-de-dengue\" style=\"box-sizing: inherit; outline: 0px; color: rgb(45, 112, 163); line-height: inherit; text-decoration-line: none; cursor: pointer; font-family: &quot;Roboto Slab&quot;, sans-serif; font-weight: 700; background-color: rgb(255, 255, 255);\" title=\"Goi\u00e1s registra redu\u00e7\u00e3o de quase 80% no n\u00famero casos notificados de dengue \" rel=\"nofollow noopener\" target=\"_blank\">Goi\u00e1s registra redu\u00e7\u00e3o de quase 80% no n\u00famero casos notificados de dengue<\/a><\/strong><\/p>\n","protected":false},"excerpt":{"rendered":"&#13; A Reda\u00e7\u00e3o Goi\u00e2nia &#8211;\u00a0 A prefeitura de Goi\u00e2nia registrou um aumento de 82,4% na vacina\u00e7\u00e3o, com\u00a01.096.625 doses&hellip;\n","protected":false},"author":2,"featured_media":135750,"comment_status":"","ping_status":"","sticky":false,"template":"","format":"standard","meta":{"footnotes":""},"categories":[86],"tags":[6161,5747,30485,116,3130,32,30483,33,30484,117,2820],"class_list":{"0":"post-135749","1":"post","2":"type-post","3":"status-publish","4":"format-standard","5":"has-post-thumbnail","7":"category-saude","8":"tag-aplicadas","9":"tag-aumento","10":"tag-doses","11":"tag-health","12":"tag-imunizacao","13":"tag-portugal","14":"tag-prefeitura-de-goiania","15":"tag-pt","16":"tag-registra","17":"tag-saude","18":"tag-vacinacao"},"share_on_mastodon":{"url":"https:\/\/pubeurope.com\/@pt\/115476183306356574","error":""},"_links":{"self":[{"href":"https:\/\/www.europesays.com\/pt\/wp-json\/wp\/v2\/posts\/135749","targetHints":{"allow":["GET"]}}],"collection":[{"href":"https:\/\/www.europesays.com\/pt\/wp-json\/wp\/v2\/posts"}],"about":[{"href":"https:\/\/www.europesays.com\/pt\/wp-json\/wp\/v2\/types\/post"}],"author":[{"embeddable":true,"href":"https:\/\/www.europesays.com\/pt\/wp-json\/wp\/v2\/users\/2"}],"replies":[{"embeddable":true,"href":"https:\/\/www.europesays.com\/pt\/wp-json\/wp\/v2\/comments?post=135749"}],"version-history":[{"count":0,"href":"https:\/\/www.europesays.com\/pt\/wp-json\/wp\/v2\/posts\/135749\/revisions"}],"wp:featuredmedia":[{"embeddable":true,"href":"https:\/\/www.europesays.com\/pt\/wp-json\/wp\/v2\/media\/135750"}],"wp:attachment":[{"href":"https:\/\/www.europesays.com\/pt\/wp-json\/wp\/v2\/media?parent=135749"}],"wp:term":[{"taxonomy":"category","embeddable":true,"href":"https:\/\/www.europesays.com\/pt\/wp-json\/wp\/v2\/categories?post=135749"},{"taxonomy":"post_tag","embeddable":true,"href":"https:\/\/www.europesays.com\/pt\/wp-json\/wp\/v2\/tags?post=135749"}],"curies":[{"name":"wp","href":"https:\/\/api.w.org\/{rel}","templated":true}]}}