{"id":135755,"date":"2025-11-01T19:55:13","date_gmt":"2025-11-01T19:55:13","guid":{"rendered":"https:\/\/www.europesays.com\/pt\/135755\/"},"modified":"2025-11-01T19:55:13","modified_gmt":"2025-11-01T19:55:13","slug":"parlamento-frances-aprova-uma-resolucao-de-le-pen-pela-primeira-vez","status":"publish","type":"post","link":"https:\/\/www.europesays.com\/pt\/135755\/","title":{"rendered":"Parlamento franc\u00eas aprova uma resolu\u00e7\u00e3o de Le Pen pela primeira vez"},"content":{"rendered":"<p class=\"wp-caption-text top\">Yoan Valat \/ EPA<\/p>\n<p><img decoding=\"async\" loading=\"lazy\" class=\"wp-image-632847 size-kopa-image-size-3\" src=\"https:\/\/www.europesays.com\/pt\/wp-content\/uploads\/2025\/11\/1dacb1e6730ad00d964f2e3c6dffa5be-783x450.jpg\" alt=\"\" width=\"700\" height=\"402\"  \/><\/p>\n<p class=\"wp-caption-text bot\">Marine Le Pen<\/p>\n<p><strong>\u201cCord\u00e3o sanit\u00e1rio\u201d rompido a n\u00edvel nacional pela primeira vez. Uma vit\u00f3ria simb\u00f3lica que diz muito.<\/strong><\/p>\n<p>Por uma margem m\u00ednima, a Assembleia Nacional francesa aprovou esta quinta-feira uma resolu\u00e7\u00e3o n\u00e3o vinculativa apresentada pelo partido de extrema-direita Uni\u00e3o Nacional, liderado por Marine Le Pen. \u00c9 um <strong>feito in\u00e9dito<\/strong>, que j\u00e1 come\u00e7ou a levantar quest\u00f5es sobre a crescente normaliza\u00e7\u00e3o do partido.<\/p>\n<p>A resolu\u00e7\u00e3o, aprovada por 185 votos a favor contra 184 contra \u2014 principalmente de deputados de esquerda \u2014 apela \u00e0 <strong>revoga\u00e7\u00e3o de um acordo de 1968 com a Arg\u00e9lia que facilita a imigra\u00e7\u00e3o argelina para Fran\u00e7a<\/strong>. A aprova\u00e7\u00e3o deve-se ao apoio decisivo de alguns deputados da direita e do centro, bem como \u00e0 aus\u00eancia de v\u00e1rios membros do partido do Presidente Emmanuel Macron, para raz\u00f5es n\u00e3o esclarecidas.<\/p>\n<p>Embora o texto n\u00e3o tenha efeito legal, a aprova\u00e7\u00e3o representa uma<strong> enorme vit\u00f3ria simb\u00f3lica<\/strong> para o Uni\u00e3o Nacional, at\u00e9 agora isolado pelo chamado \u201ccord\u00e3o sanit\u00e1rio\u201d, uma regra n\u00e3o escrita que impede a colabora\u00e7\u00e3o com a extrema-direita.<\/p>\n<p>\u201cPela primeira vez, um texto apresentado pelo Uni\u00e3o Nacional foi adotado\u201d, declarou Le Pen, aproveitando a ocasi\u00e3o para pressionar novamente o Primeiro-Ministro S\u00e9bastien Lecornu a revogar o acordo.<\/p>\n<p>A resolu\u00e7\u00e3o conseguiu apoio inesperado fora do partido de Le Pen, incluindo 17 deputados do Horizons, partido de centro-direita do ex-Primeiro-Ministro \u00c9douard Philippe. A aus\u00eancia de Gabriel Attal, l\u00edder do partido Renaissance de Macron, tamb\u00e9m foi determinante: apenas 30 dos 92 deputados da EPR votaram contra, apesar de, anteriormente, Attal ter defendido publicamente a revoga\u00e7\u00e3o do acordo face \u00e0s crescentes tens\u00f5es entre Fran\u00e7a e Arg\u00e9lia.<\/p>\n<p>A esquerda criticou duramente este resultado, acusando Attal e o seu partido de permitir que a extrema-direita avan\u00e7asse com um <strong>texto que consideram racista<\/strong>, concedendo ao mesmo tempo ao\u00a0Uni\u00e3o Nacional uma vit\u00f3ria simb\u00f3lica e in\u00e9dita no Parlamento franc\u00eas.<\/p>\n<p>    <a href=\"https:\/\/zap.aeiou.pt\/subscrever-newsletter\" data-wpel-link=\"internal\" rel=\"nofollow noopener\" target=\"_blank\">&#13;<br \/>\n        <img loading=\"lazy\" decoding=\"async\" class=\"aligncenter size-full wp-image-575475\" src=\"https:\/\/www.europesays.com\/pt\/wp-content\/uploads\/2025\/10\/1759862234_971_2d51fe4a0ba54894421ead1809309ed9-1-450x140.jpg\" alt=\"Subscreva a Newsletter ZAP\" width=\"450\" height=\"140\"\/>&#13;<br \/>\n    <\/a><\/p>\n<p>                <a href=\"https:\/\/whatsapp.com\/channel\/0029VaIC4EE2f3EJZPPSbR34\" data-wpel-link=\"external\" target=\"_blank\" rel=\"nofollow external noopener noreferrer\" class=\"ext-link\">&#13;<br \/>\n                    <img loading=\"lazy\" decoding=\"async\" class=\"aligncenter size-full wp-image-575475\" src=\"https:\/\/www.europesays.com\/pt\/wp-content\/uploads\/2025\/10\/1759862234_512_c68c559d956d4ca20f435ed74a6e71e6.png\" alt=\"Siga-nos no WhatsApp\" width=\"175\" height=\"64\"\/>&#13;<br \/>\n                <\/a><\/p>\n<p>                <a href=\"https:\/\/news.google.com\/publications\/CAAiEHRwZondIV71PDjWNoqMduEqFAgKIhB0cGaJ3SFe9Tw41jaKjHbh?hl=en-US&amp;gl=US&amp;ceid=US%3Aen\" data-wpel-link=\"external\" target=\"_blank\" rel=\"nofollow external noopener noreferrer\" class=\"ext-link\">&#13;<br \/>\n                    <img loading=\"lazy\" decoding=\"async\" class=\"aligncenter size-full wp-image-575475\" src=\"https:\/\/www.europesays.com\/pt\/wp-content\/uploads\/2025\/10\/1759862235_242_5123dd8b087b644fdb8f8603acd1bad4.png\" alt=\"Siga-nos no Google News\" width=\"176\" height=\"64\"\/>&#13;<br \/>\n                <\/a><\/p>\n","protected":false},"excerpt":{"rendered":"Yoan Valat \/ EPA Marine Le Pen \u201cCord\u00e3o sanit\u00e1rio\u201d rompido a n\u00edvel nacional pela primeira vez. Uma vit\u00f3ria&hellip;\n","protected":false},"author":2,"featured_media":135756,"comment_status":"","ping_status":"","sticky":false,"template":"","format":"standard","meta":{"footnotes":""},"categories":[50],"tags":[808,27,28,269,15,16,208,14,1481,25,26,21,22,17998,62,12,13,19,20,4007,23,24,17,18,29,30,31,63,64,65],"class_list":{"0":"post-135755","1":"post","2":"type-post","3":"status-publish","4":"format-standard","5":"has-post-thumbnail","7":"category-mundo","8":"tag-argelia","9":"tag-breaking-news","10":"tag-breakingnews","11":"tag-capa","12":"tag-featured-news","13":"tag-featurednews","14":"tag-franca","15":"tag-headlines","16":"tag-imigracao","17":"tag-latest-news","18":"tag-latestnews","19":"tag-main-news","20":"tag-mainnews","21":"tag-marine-le-pen","22":"tag-mundo","23":"tag-news","24":"tag-noticias","25":"tag-noticias-principais","26":"tag-noticiasprincipais","27":"tag-politica-internacional","28":"tag-principais-noticias","29":"tag-principaisnoticias","30":"tag-top-stories","31":"tag-topstories","32":"tag-ultimas","33":"tag-ultimas-noticias","34":"tag-ultimasnoticias","35":"tag-world","36":"tag-world-news","37":"tag-worldnews"},"share_on_mastodon":{"url":"https:\/\/pubeurope.com\/@pt\/115476203242923124","error":""},"_links":{"self":[{"href":"https:\/\/www.europesays.com\/pt\/wp-json\/wp\/v2\/posts\/135755","targetHints":{"allow":["GET"]}}],"collection":[{"href":"https:\/\/www.europesays.com\/pt\/wp-json\/wp\/v2\/posts"}],"about":[{"href":"https:\/\/www.europesays.com\/pt\/wp-json\/wp\/v2\/types\/post"}],"author":[{"embeddable":true,"href":"https:\/\/www.europesays.com\/pt\/wp-json\/wp\/v2\/users\/2"}],"replies":[{"embeddable":true,"href":"https:\/\/www.europesays.com\/pt\/wp-json\/wp\/v2\/comments?post=135755"}],"version-history":[{"count":0,"href":"https:\/\/www.europesays.com\/pt\/wp-json\/wp\/v2\/posts\/135755\/revisions"}],"wp:featuredmedia":[{"embeddable":true,"href":"https:\/\/www.europesays.com\/pt\/wp-json\/wp\/v2\/media\/135756"}],"wp:attachment":[{"href":"https:\/\/www.europesays.com\/pt\/wp-json\/wp\/v2\/media?parent=135755"}],"wp:term":[{"taxonomy":"category","embeddable":true,"href":"https:\/\/www.europesays.com\/pt\/wp-json\/wp\/v2\/categories?post=135755"},{"taxonomy":"post_tag","embeddable":true,"href":"https:\/\/www.europesays.com\/pt\/wp-json\/wp\/v2\/tags?post=135755"}],"curies":[{"name":"wp","href":"https:\/\/api.w.org\/{rel}","templated":true}]}}