{"id":135777,"date":"2025-11-01T20:15:15","date_gmt":"2025-11-01T20:15:15","guid":{"rendered":"https:\/\/www.europesays.com\/pt\/135777\/"},"modified":"2025-11-01T20:15:15","modified_gmt":"2025-11-01T20:15:15","slug":"bebe-nasce-no-carro-apos-mae-ter-alta-da-maternidade-de-coimbra","status":"publish","type":"post","link":"https:\/\/www.europesays.com\/pt\/135777\/","title":{"rendered":"Beb\u00e9 nasce no carro ap\u00f3s m\u00e3e ter alta da maternidade de Coimbra"},"content":{"rendered":"<p data-remotead-prev-elm=\"true\" data-remotead-elm-id=\"inread\">A not\u00edcia foi avan\u00e7ada pelo segundo comandante dos Bombeiros Volunt\u00e1rios de Vieira de Leiria, Tiago Constantino, que assistiu a m\u00e3e e o beb\u00e9 no local. &#8220;Fomos acionados cerca das 2.40 horas para um parto j\u00e1 realizado no carro. Os pais estavam calmos e n\u00e3o havia sinais de complica\u00e7\u00f5es&#8221;, relatou ao JN.<\/p>\n<p>Horas antes, a gr\u00e1vida tinha estado na Maternidade Daniel de Matos, que pertence \u00e0 Unidade Local de Sa\u00fade de Coimbra, mas regressou a casa por indica\u00e7\u00e3o m\u00e9dica por volta das 0 horas. Quando a m\u00e3e do beb\u00e9 voltou a sentir dores, &#8220;decidiram voltar \u00e0 maternidade, mas o beb\u00e9 acabou por nascer no carro&#8221;, acrescentou o segundo comandante dos bombeiros, relatando que o parto foi realizado pelo pai &#8220;praticamente \u00e0 porta de casa&#8221;.<\/p>\n<p>Al\u00e9m dos Bombeiros Volunt\u00e1rios de Vieira de Leiria, apoiados por quatro operacionais, esteve tamb\u00e9m no local uma equipa de Viatura M\u00e9dica de Emerg\u00eancia e Reanima\u00e7\u00e3o (VMER) de Leiria.<\/p>\n","protected":false},"excerpt":{"rendered":"A not\u00edcia foi avan\u00e7ada pelo segundo comandante dos Bombeiros Volunt\u00e1rios de Vieira de Leiria, Tiago Constantino, que assistiu&hellip;\n","protected":false},"author":2,"featured_media":135778,"comment_status":"","ping_status":"","sticky":false,"template":"","format":"standard","meta":{"footnotes":""},"categories":[10],"tags":[627,27,28,29579,15,16,14,25,26,21,22,12,13,19,20,22548,32,23,24,33,17,18,29,30,31],"class_list":{"0":"post-135777","1":"post","2":"type-post","3":"status-publish","4":"format-standard","5":"has-post-thumbnail","7":"category-portugal","8":"tag-bombeiros","9":"tag-breaking-news","10":"tag-breakingnews","11":"tag-concelho-coimbra","12":"tag-featured-news","13":"tag-featurednews","14":"tag-headlines","15":"tag-latest-news","16":"tag-latestnews","17":"tag-main-news","18":"tag-mainnews","19":"tag-news","20":"tag-noticias","21":"tag-noticias-principais","22":"tag-noticiasprincipais","23":"tag-parto","24":"tag-portugal","25":"tag-principais-noticias","26":"tag-principaisnoticias","27":"tag-pt","28":"tag-top-stories","29":"tag-topstories","30":"tag-ultimas","31":"tag-ultimas-noticias","32":"tag-ultimasnoticias"},"share_on_mastodon":{"url":"https:\/\/pubeurope.com\/@pt\/115476281604180028","error":""},"_links":{"self":[{"href":"https:\/\/www.europesays.com\/pt\/wp-json\/wp\/v2\/posts\/135777","targetHints":{"allow":["GET"]}}],"collection":[{"href":"https:\/\/www.europesays.com\/pt\/wp-json\/wp\/v2\/posts"}],"about":[{"href":"https:\/\/www.europesays.com\/pt\/wp-json\/wp\/v2\/types\/post"}],"author":[{"embeddable":true,"href":"https:\/\/www.europesays.com\/pt\/wp-json\/wp\/v2\/users\/2"}],"replies":[{"embeddable":true,"href":"https:\/\/www.europesays.com\/pt\/wp-json\/wp\/v2\/comments?post=135777"}],"version-history":[{"count":0,"href":"https:\/\/www.europesays.com\/pt\/wp-json\/wp\/v2\/posts\/135777\/revisions"}],"wp:featuredmedia":[{"embeddable":true,"href":"https:\/\/www.europesays.com\/pt\/wp-json\/wp\/v2\/media\/135778"}],"wp:attachment":[{"href":"https:\/\/www.europesays.com\/pt\/wp-json\/wp\/v2\/media?parent=135777"}],"wp:term":[{"taxonomy":"category","embeddable":true,"href":"https:\/\/www.europesays.com\/pt\/wp-json\/wp\/v2\/categories?post=135777"},{"taxonomy":"post_tag","embeddable":true,"href":"https:\/\/www.europesays.com\/pt\/wp-json\/wp\/v2\/tags?post=135777"}],"curies":[{"name":"wp","href":"https:\/\/api.w.org\/{rel}","templated":true}]}}