{"id":135813,"date":"2025-11-01T20:53:35","date_gmt":"2025-11-01T20:53:35","guid":{"rendered":"https:\/\/www.europesays.com\/pt\/135813\/"},"modified":"2025-11-01T20:53:35","modified_gmt":"2025-11-01T20:53:35","slug":"rodeada-de-caras-de-reality-shows-da-tvi-daniela-santos-celebra-novo-marco-na-sua-vida-secret-story","status":"publish","type":"post","link":"https:\/\/www.europesays.com\/pt\/135813\/","title":{"rendered":"Rodeada de caras de reality shows da TVI, Daniela Santos celebra novo marco na sua vida &#8211; Secret Story"},"content":{"rendered":"<p>\n                    Daniela Santos, bailarina e ex-concorrente de reality shows da TVI, inaugurou oficialmente a sua escola de dan\u00e7a e partilhou momentos cheios de emo\u00e7\u00e3o, eleg\u00e2ncia e talento nesta nova etapa da sua carreira.\n                <\/p>\n<p data-end=\"624\" data-start=\"321\">Daniela Santos vive um dos momentos mais marcantes da sua carreira. A bailarina e ex-concorrente de reality shows da TVI abriu oficialmente as portas da <strong data-end=\"497\" data-start=\"474\">sua escola de dan\u00e7a<\/strong>, um sonho h\u00e1 muito acarinhado, e fez quest\u00e3o de partilhar com os seguidores v\u00e1rios <strong data-end=\"621\" data-start=\"581\">registos fotogr\u00e1ficos da inaugura\u00e7\u00e3o<\/strong>.<\/p>\n<p data-end=\"965\" data-start=\"626\">Nas imagens, pode ver-se Daniela Santos radiante, rodeada por familiares, amigos e alunos que quiseram celebrar consigo este novo come\u00e7o. Entre <strong data-end=\"799\" data-start=\"763\">abra\u00e7os, sorrisos e muita emo\u00e7\u00e3o<\/strong>, a artista mostrou o espa\u00e7o que promete ser uma refer\u00eancia para quem ama a dan\u00e7a \u2014 um local pensado ao detalhe para inspirar e formar novas gera\u00e7\u00f5es de bailarinos.<\/p>\n<p data-end=\"965\" data-start=\"626\">Entre os v\u00e1rios convidados, destaque para algumas caras bem conhecidas do universo dos reality shows: <strong>Bernardina Brito<\/strong>, <strong>Diogo Alexandre<\/strong>, <strong>V\u00e2nia S\u00e1<\/strong>, <strong>Ossman Idrisse<\/strong>, <strong>Bruna<\/strong>, <strong>Kina <\/strong>e <strong>Nelson Lisboa<\/strong>.\u00a0<\/p>\n<p data-end=\"1256\" data-start=\"967\">Com um visual elegante e cheio de confian\u00e7a, Daniela Santos posou ao lado da equipa que a acompanha nesta aventura e n\u00e3o escondeu o orgulho no projeto. \u201cUm sonho tornado realidade\u201d, escreveu numa das publica\u00e7\u00f5es, recebendo de imediato uma onda de elogios e mensagens de parab\u00e9ns dos f\u00e3s.<\/p>\n<p data-end=\"1451\" data-start=\"1258\">Esta nova etapa marca um passo importante no percurso de Daniela Santos, que, al\u00e9m de brilhar nos palcos e na televis\u00e3o, prova agora o seu talento como <strong data-end=\"1430\" data-start=\"1403\">mentora e empreendedora<\/strong> no mundo da dan\u00e7a.<\/p>\n","protected":false},"excerpt":{"rendered":"Daniela Santos, bailarina e ex-concorrente de reality shows da TVI, inaugurou oficialmente a sua escola de dan\u00e7a e&hellip;\n","protected":false},"author":2,"featured_media":113601,"comment_status":"","ping_status":"","sticky":false,"template":"","format":"standard","meta":{"footnotes":""},"categories":[142],"tags":[3662,340,18706,5303,48,1997,1397,17089,114,115,18705,672,11374,32,33,151,13319,18704],"class_list":{"0":"post-135813","1":"post","2":"type-post","3":"status-publish","4":"format-standard","5":"has-post-thumbnail","7":"category-tv","8":"tag-ana-barbosa","9":"tag-ana-duarte","10":"tag-bastidores-secret-story","11":"tag-bernardina-brito","12":"tag-big-brother","13":"tag-bruna","14":"tag-daniela-santos","15":"tag-diogo-alexandre","16":"tag-entertainment","17":"tag-entretenimento","18":"tag-entrevistas-concorrentes-tvi","19":"tag-kina","20":"tag-ossman-idrisse","21":"tag-portugal","22":"tag-pt","23":"tag-tv","24":"tag-vania-sa","25":"tag-vida-fora-da-casa"},"share_on_mastodon":{"url":"https:\/\/pubeurope.com\/@pt\/115476431074309761","error":""},"_links":{"self":[{"href":"https:\/\/www.europesays.com\/pt\/wp-json\/wp\/v2\/posts\/135813","targetHints":{"allow":["GET"]}}],"collection":[{"href":"https:\/\/www.europesays.com\/pt\/wp-json\/wp\/v2\/posts"}],"about":[{"href":"https:\/\/www.europesays.com\/pt\/wp-json\/wp\/v2\/types\/post"}],"author":[{"embeddable":true,"href":"https:\/\/www.europesays.com\/pt\/wp-json\/wp\/v2\/users\/2"}],"replies":[{"embeddable":true,"href":"https:\/\/www.europesays.com\/pt\/wp-json\/wp\/v2\/comments?post=135813"}],"version-history":[{"count":0,"href":"https:\/\/www.europesays.com\/pt\/wp-json\/wp\/v2\/posts\/135813\/revisions"}],"wp:featuredmedia":[{"embeddable":true,"href":"https:\/\/www.europesays.com\/pt\/wp-json\/wp\/v2\/media\/113601"}],"wp:attachment":[{"href":"https:\/\/www.europesays.com\/pt\/wp-json\/wp\/v2\/media?parent=135813"}],"wp:term":[{"taxonomy":"category","embeddable":true,"href":"https:\/\/www.europesays.com\/pt\/wp-json\/wp\/v2\/categories?post=135813"},{"taxonomy":"post_tag","embeddable":true,"href":"https:\/\/www.europesays.com\/pt\/wp-json\/wp\/v2\/tags?post=135813"}],"curies":[{"name":"wp","href":"https:\/\/api.w.org\/{rel}","templated":true}]}}