{"id":135818,"date":"2025-11-01T20:57:27","date_gmt":"2025-11-01T20:57:27","guid":{"rendered":"https:\/\/www.europesays.com\/pt\/135818\/"},"modified":"2025-11-01T20:57:27","modified_gmt":"2025-11-01T20:57:27","slug":"transplante-de-figado-23-mil-pessoas-aguardam-cirurgia-no-brasil-brasil","status":"publish","type":"post","link":"https:\/\/www.europesays.com\/pt\/135818\/","title":{"rendered":"Transplante de f\u00edgado: 2,3 mil pessoas aguardam cirurgia no Brasil &#8211; BRASIL"},"content":{"rendered":"<p><a href=\"https:\/\/cdn.regiaonews.com.br\/uploads\/noticias\/2025\/11\/0128s9zq8cljdwc.jpg\" data-fluidbox-viewport-fill=\"0.95\" data-fluidbox-loader=\"\" rel=\"nofollow noopener\" target=\"_blank\"><img decoding=\"async\" src=\"https:\/\/www.europesays.com\/pt\/wp-content\/uploads\/2025\/11\/1mg2wu23qqtun.jpg\"   width=\"1024\" alt=\"Transplante de f\u00edgado: 2,3 mil pessoas aguardam cirurgia no Brasil\"\/><\/a>Freepik<\/p>\n<p style=\"margin-left:0px;\">Atualmente, homens entre 50 e 64 anos representam a maioria das mais de 2,3 mil pessoas que aguardam por um transplante de f\u00edgado no Brasil. Os <strong>dados<\/strong> s\u00e3o do <strong>Minist\u00e9rio da Sa\u00fade (MS)<\/strong>.<\/p>\n<p style=\"margin-left:0px;\">O <strong>f\u00edgado<\/strong> \u00e9 a maior gl\u00e2ndula do corpo humano e est\u00e1 localizado na parte superior direita do abd\u00f4men. \u00c9 um \u00f3rg\u00e3o vital, com m\u00faltiplas fun\u00e7\u00f5es essenciais para o funcionamento do organismo, como o metabolismo da glicose e das prote\u00ednas, o armazenamento de vitaminas e minerais, a metaboliza\u00e7\u00e3o de medicamentos, a elimina\u00e7\u00e3o de toxinas, al\u00e9m da produ\u00e7\u00e3o de prote\u00ednas e fatores de coagula\u00e7\u00e3o. Por ter alta capacidade de regenera\u00e7\u00e3o, \u00e9 poss\u00edvel doar parte do f\u00edgado em vida, sem preju\u00edzo \u00e0 sa\u00fade do doador.<\/p>\n<p style=\"margin-left:0px;\">O cirurgi\u00e3o geral Luiz Gustavo Guedes, especialista na \u00e1rea, destaca que ampliar a doa\u00e7\u00e3o de \u00f3rg\u00e3os \u00e9 fundamental para salvar vidas e devolver qualidade de vida aos pacientes.<\/p>\n<p style=\"margin-left:0px;\">\u201cSe a gente conseguisse ampliar a doa\u00e7\u00e3o de \u00f3rg\u00e3os, aumentar o n\u00famero de doadores efetivos, a gente conseguiria dar a chance de vida para a maioria dos pacientes, de se recuperarem, de continuar vivendo e mesmo produzindo, porque o objetivo maior do transplante \u00e9 manter a produ\u00e7\u00e3o, voltar para a sociedade, trabalhar e interagir com seus familiares\u201d, evidencia.<\/p>\n<p style=\"margin-left:0px;\">Para entrar na lista de espera por um transplante de f\u00edgado, o paciente precisa estar em tratamento de doen\u00e7as hep\u00e1ticas graves e irrevers\u00edveis. Entre as indica\u00e7\u00f5es est\u00e3o:<\/p>\n<p style=\"margin-left:0px;\">\u2022 Cirrose por hepatite B ou C;<br \/>\u2022 Cirrose alco\u00f3lica;<br \/>\u2022 C\u00e2ncer prim\u00e1rio do f\u00edgado, entre outras.<\/p>\n<p style=\"margin-left:0px;\">De acordo com o MS, desde o in\u00edcio de 2025, aproximadamente 2 mil transplantes de f\u00edgado j\u00e1 foram realizados no pa\u00eds. Desse total, 64% beneficiaram pacientes do sexo masculino.<\/p>\n<p style=\"margin-left:0px;\"><strong>\u201cVoc\u00ea diz sim, o Brasil inteiro agradece\u201d<\/strong>. Converse com sua fam\u00edlia e seja um doador. Para mais informa\u00e7\u00f5es, acesse o site <a href=\"https:\/\/www.gov.br\/saude\/pt-br\" rel=\"nofollow noopener\" target=\"_blank\"><strong>gov.br\/saude<\/strong><\/a>.<\/p>\n","protected":false},"excerpt":{"rendered":"Freepik Atualmente, homens entre 50 e 64 anos representam a maioria das mais de 2,3 mil pessoas que&hellip;\n","protected":false},"author":2,"featured_media":135819,"comment_status":"","ping_status":"","sticky":false,"template":"","format":"standard","meta":{"footnotes":""},"categories":[86],"tags":[30503,726,25239,13817,30504,5535,3620,116,8519,30506,24013,11229,3295,30505,32,3654,11988,33,117,5721,3192],"class_list":{"0":"post-135818","1":"post","2":"type-post","3":"status-publish","4":"format-standard","5":"has-post-thumbnail","7":"category-saude","8":"tag-ampliar","9":"tag-brasil","10":"tag-cirrose","11":"tag-doacao","12":"tag-doador","13":"tag-figado","14":"tag-gente","15":"tag-health","16":"tag-maior","17":"tag-maioria","18":"tag-orgaos","19":"tag-pacientes","20":"tag-para","21":"tag-parte","22":"tag-portugal","23":"tag-producao","24":"tag-proteinas","25":"tag-pt","26":"tag-saude","27":"tag-transplante","28":"tag-vida"},"share_on_mastodon":{"url":"https:\/\/pubeurope.com\/@pt\/115476446823264560","error":""},"_links":{"self":[{"href":"https:\/\/www.europesays.com\/pt\/wp-json\/wp\/v2\/posts\/135818","targetHints":{"allow":["GET"]}}],"collection":[{"href":"https:\/\/www.europesays.com\/pt\/wp-json\/wp\/v2\/posts"}],"about":[{"href":"https:\/\/www.europesays.com\/pt\/wp-json\/wp\/v2\/types\/post"}],"author":[{"embeddable":true,"href":"https:\/\/www.europesays.com\/pt\/wp-json\/wp\/v2\/users\/2"}],"replies":[{"embeddable":true,"href":"https:\/\/www.europesays.com\/pt\/wp-json\/wp\/v2\/comments?post=135818"}],"version-history":[{"count":0,"href":"https:\/\/www.europesays.com\/pt\/wp-json\/wp\/v2\/posts\/135818\/revisions"}],"wp:featuredmedia":[{"embeddable":true,"href":"https:\/\/www.europesays.com\/pt\/wp-json\/wp\/v2\/media\/135819"}],"wp:attachment":[{"href":"https:\/\/www.europesays.com\/pt\/wp-json\/wp\/v2\/media?parent=135818"}],"wp:term":[{"taxonomy":"category","embeddable":true,"href":"https:\/\/www.europesays.com\/pt\/wp-json\/wp\/v2\/categories?post=135818"},{"taxonomy":"post_tag","embeddable":true,"href":"https:\/\/www.europesays.com\/pt\/wp-json\/wp\/v2\/tags?post=135818"}],"curies":[{"name":"wp","href":"https:\/\/api.w.org\/{rel}","templated":true}]}}