{"id":13582,"date":"2025-08-03T00:00:20","date_gmt":"2025-08-03T00:00:20","guid":{"rendered":"https:\/\/www.europesays.com\/pt\/13582\/"},"modified":"2025-08-03T00:00:20","modified_gmt":"2025-08-03T00:00:20","slug":"detencao-de-suspeito-por-decapitacao-em-lisboa","status":"publish","type":"post","link":"https:\/\/www.europesays.com\/pt\/13582\/","title":{"rendered":"Deten\u00e7\u00e3o de Suspeito por Decapita\u00e7\u00e3o em Lisboa"},"content":{"rendered":"<p>O suspeito de ter morto e decapitado um homem de 34 anos, na Baixa de Lisboa, ficou em pris\u00e3o preventiva, ap\u00f3s ter sido presente a interrogat\u00f3rio judicial, confirmou este s\u00e1bado, 2 de agosto, \u00e0 Lusa fonte da Pol\u00edcia Judici\u00e1ria.<\/p>\n<p>O homem, de 29 anos, tinha sido detido na sexta-feira, por suspeita dos crimes homic\u00eddio qualificado, profana\u00e7\u00e3o de cad\u00e1ver e posse de arma proibida, ocorridos em Lisboa na noite de ter\u00e7a para quarta-feira, ap\u00f3s ele pr\u00f3prio se ter dirigido ao posto de pol\u00edcia do Hospital de S\u00e3o Jos\u00e9 com a cabe\u00e7a da v\u00edtima.<\/p>\n<p>O corpo, um homem de 34 anos, foi encontrado decapitado na madrugada de quarta-feira nas traseiras do Coliseu de Lisboa.<\/p>\n<p>O caso<\/p>\n<p>O corpo de um homem foi encontrado decapitado na madrugada de quarta-feira nas traseiras do Coliseu de Lisboa, nesse mesmo dia, depois de acionada pela PSP. Segundo a fonte, o alerta foi dado \u00e0 PSP, que encaminhou o caso para a PJ, que se deslocou ao local onde foi encontrado o corpo, com elementos da sec\u00e7\u00e3o de homic\u00eddios e peritos da pol\u00edcia cient\u00edfica.<\/p>\n<p>A cabe\u00e7a foi entregue no Hospital de S\u00e3o Jos\u00e9,\u00a0no dia seguinte. O homem que a levou ficou detido pela suspeita do crime. A identidade da v\u00edtima ainda n\u00e3o foi revelada pela PJ.<\/p>\n<p>Homicida de Belas em preventiva<\/p>\n<p>O homem suspeito de um crime de homic\u00eddio na freguesia de Belas, em Sintra, ficou em pris\u00e3o preventiva, adiantou \u00e0 Lusa fonte oficial da Pol\u00edcia Judici\u00e1ria (PJ).\u00a0O suspeito de 38 anos.<\/p>\n<p>Este crime ocorreu na sequ\u00eancia de conflitos anteriores, mantidos entre o agressor e familiares da v\u00edtima.\u00a0 O crime ocorreu na madrugada de quinta-feira, na freguesia de Belas, em Sintra, distrito de Lisboa, junto \u00e0 resid\u00eancia do suspeito de homic\u00eddio, 50 anos \u201cna sequ\u00eancia de uma alterca\u00e7\u00e3o entre os dois homens, culminando com agress\u00e3o fatal, atrav\u00e9s da utiliza\u00e7\u00e3o de arma branca\u201d, informou, na altura, o \u00f3rg\u00e3o policial respons\u00e1vel pela investiga\u00e7\u00e3o criminal.<\/p>\n<p>Depois de ter fugido do local onde, o suspeito do homic\u00eddio foi identificado, localizado e detido na quinta-feira pela PJ, atrav\u00e9s da Diretoria de Lisboa e Vale do Tejo.<\/p>\n<p>*Com Lusa<\/p>\n","protected":false},"excerpt":{"rendered":"O suspeito de ter morto e decapitado um homem de 34 anos, na Baixa de Lisboa, ficou em&hellip;\n","protected":false},"author":2,"featured_media":13583,"comment_status":"","ping_status":"","sticky":false,"template":"","format":"standard","meta":{"footnotes":""},"categories":[10],"tags":[27,28,604,15,16,14,5564,25,26,797,21,22,12,13,19,20,32,23,24,33,17,18,29,30,31],"class_list":{"0":"post-13582","1":"post","2":"type-post","3":"status-publish","4":"format-standard","5":"has-post-thumbnail","7":"category-portugal","8":"tag-breaking-news","9":"tag-breakingnews","10":"tag-crime","11":"tag-featured-news","12":"tag-featurednews","13":"tag-headlines","14":"tag-homicidio","15":"tag-latest-news","16":"tag-latestnews","17":"tag-lisboa","18":"tag-main-news","19":"tag-mainnews","20":"tag-news","21":"tag-noticias","22":"tag-noticias-principais","23":"tag-noticiasprincipais","24":"tag-portugal","25":"tag-principais-noticias","26":"tag-principaisnoticias","27":"tag-pt","28":"tag-top-stories","29":"tag-topstories","30":"tag-ultimas","31":"tag-ultimas-noticias","32":"tag-ultimasnoticias"},"share_on_mastodon":{"url":"","error":""},"_links":{"self":[{"href":"https:\/\/www.europesays.com\/pt\/wp-json\/wp\/v2\/posts\/13582","targetHints":{"allow":["GET"]}}],"collection":[{"href":"https:\/\/www.europesays.com\/pt\/wp-json\/wp\/v2\/posts"}],"about":[{"href":"https:\/\/www.europesays.com\/pt\/wp-json\/wp\/v2\/types\/post"}],"author":[{"embeddable":true,"href":"https:\/\/www.europesays.com\/pt\/wp-json\/wp\/v2\/users\/2"}],"replies":[{"embeddable":true,"href":"https:\/\/www.europesays.com\/pt\/wp-json\/wp\/v2\/comments?post=13582"}],"version-history":[{"count":0,"href":"https:\/\/www.europesays.com\/pt\/wp-json\/wp\/v2\/posts\/13582\/revisions"}],"wp:featuredmedia":[{"embeddable":true,"href":"https:\/\/www.europesays.com\/pt\/wp-json\/wp\/v2\/media\/13583"}],"wp:attachment":[{"href":"https:\/\/www.europesays.com\/pt\/wp-json\/wp\/v2\/media?parent=13582"}],"wp:term":[{"taxonomy":"category","embeddable":true,"href":"https:\/\/www.europesays.com\/pt\/wp-json\/wp\/v2\/categories?post=13582"},{"taxonomy":"post_tag","embeddable":true,"href":"https:\/\/www.europesays.com\/pt\/wp-json\/wp\/v2\/tags?post=13582"}],"curies":[{"name":"wp","href":"https:\/\/api.w.org\/{rel}","templated":true}]}}