{"id":135820,"date":"2025-11-01T21:03:09","date_gmt":"2025-11-01T21:03:09","guid":{"rendered":"https:\/\/www.europesays.com\/pt\/135820\/"},"modified":"2025-11-01T21:03:09","modified_gmt":"2025-11-01T21:03:09","slug":"ps-nuno-moreno-torna-se-vereador-independente-em-braganca-observador","status":"publish","type":"post","link":"https:\/\/www.europesays.com\/pt\/135820\/","title":{"rendered":"PS. Nuno Moreno torna-se vereador independente em Bragan\u00e7a \u2013 Observador"},"content":{"rendered":"<p>Nuno Moreno tomou posse, esta sexta-feira, como vereador independente, desvinculando-se do grupo do PS e abandonando o executivo municipal, alegando, em declara\u00e7\u00f5es, \u00e0 Lusa, incompatibilidades pessoais e pol\u00edticas com Isabel Ferreira, presidente da c\u00e2mara.<\/p>\n<p>\u201c<strong>Houve uma profunda e grave quebra de confian\u00e7a, de lealdade pol\u00edtica e pessoal, de lisura pol\u00edtica e pessoal, entre mim e a professora Isabel Ferreira<\/strong>, j\u00e1 no per\u00edodo de pr\u00e9-campanha, depois no per\u00edodo de campanha e depois de obtida a vit\u00f3ria das elei\u00e7\u00f5es\u201d, adiantou Nuno Moreno, salientando que \u201cn\u00e3o h\u00e1 condi\u00e7\u00f5es para trabalhar\u201d com a presidente do munic\u00edpio.<\/p>\n<p>Nuno Moreno era o n\u00famero dois da lista de Isabel Ferreira, mas uma vez que se desvinculou, passa a vereador independente, sem pelouros.<\/p>\n<p>Assim, o executivo municipal de Bragan\u00e7a ser\u00e1 composto por tr\u00eas membros do Partido Socialista (com pelouros) tr\u00eas candidatos do Partido Social-Democrata (sem pelouros) e um candidato independente (sem pelouro).<\/p>\n<p>Confrontado se far\u00e1 um trabalho de oposi\u00e7\u00e3o em rela\u00e7\u00e3o \u00e0s propostas dos membros eleitos com pelouros, Nuno Moreno garantiu, \u00e0 Lusa, que n\u00e3o se coloca na posi\u00e7\u00e3o de oposi\u00e7\u00e3o.<\/p>\n<p>O atual vereador independente destacou que o seu papel ser\u00e1 de \u201cfiscaliza\u00e7\u00e3o das propostas e medidas\u201d, \u201ccontribui\u00e7\u00e3o e colabora\u00e7\u00e3o e respeito institucional\u201d, mas como um \u201cmandato de responsabilidade e consci\u00eancia\u201d, n\u00e3o estando subordinado \u00e0s \u201cimposi\u00e7\u00f5es\u201d da presidente da c\u00e2mara, atuando consoante as suas \u201cconvic\u00e7\u00f5es\u201d.<\/p>\n<p>\u201cPretendo ser um elemento charneira e o meu voto ser\u00e1 sempre de balan\u00e7a\u201d, disse, acrescentando que \u201cvai obrigar a um di\u00e1logo mais profundo\u201d e \u201cn\u00e3o a algum autoritarismo\u201d, acreditando ser \u201cmuito mais vantajoso\u201d para Bragan\u00e7a.<\/p>\n<p>Isabel Ferreira perdeu assim o vice-presidente e ter\u00e1 de escolher um novo membro da lista para ocupar o cargo. Questionada pelos jornalistas, disse n\u00e3o querer adiantar j\u00e1 um nome.<\/p>\n<p>Quanto \u00e0 decis\u00e3o de Nuno Moreno, <strong>Isabel Ferreira assegura que \u00e9 \u201cinsignificante\u201d e que \u201cnada\u201d mudar\u00e1<\/strong>. \u201cAcredito que vai tudo vai correr bem. N\u00e3o ter\u00e1 naturalmente a minha confian\u00e7a pol\u00edtica para atribui\u00e7\u00e3o de um pelouro. Tudo o resto, os trabalhos continuar\u00e3o com toda a naturalidade. N\u00e3o podemos dizer que \u00e9 3,3,1, depende, n\u00e3o sabemos qual \u00e9 o sentido de vota\u00e7\u00e3o e provavelmente deve oscilar consoante os dossiers e os assuntos que foram tratados\u201d, disse.<\/p>\n<p>J\u00e1 a Comiss\u00e3o Pol\u00edtica Concelhia do PS de Bragan\u00e7a manifestou, num comunicado enviado \u00e0 Lusa, a sua reprova\u00e7\u00e3o pela decis\u00e3o de Nuno Moreno.<\/p>\n<p>\u201cEsta atitude representa uma clara rutura com o compromisso coletivo e com o projeto pol\u00edtico que os brigantinos escolheram de forma livre e democr\u00e1tica nas \u00faltimas elei\u00e7\u00f5es aut\u00e1rquicas\u201d, afirmou a concelhia de Bragan\u00e7a, vincando que se n\u00e3o se sente parte integrante da equipa \u201cn\u00e3o deve permanecer agarrado a lugares, numa l\u00f3gica de suposta\u00a0legitimidade de independ\u00eancia que n\u00e3o tem, nem lhe foi conferida\u201d.<\/p>\n<p>Face a esta posi\u00e7\u00e3o, a Comiss\u00e3o Pol\u00edtica Concelhia do PS de Bragan\u00e7a entende que \u201cfica irremediavelmente comprometida a confian\u00e7a pol\u00edtica que o Partido Socialista havia depositado no vereador Nuno Moreno, bem como a possibilidade de qualquer aproxima\u00e7\u00e3o ou entendimento, no presente ou no futuro\u201d, depositando \u201ctotal confian\u00e7a em Isabel Ferreira\u201d.<\/p>\n","protected":false},"excerpt":{"rendered":"Nuno Moreno tomou posse, esta sexta-feira, como vereador independente, desvinculando-se do grupo do PS e abandonando o executivo&hellip;\n","protected":false},"author":2,"featured_media":135821,"comment_status":"","ping_status":"","sticky":false,"template":"","format":"standard","meta":{"footnotes":""},"categories":[10],"tags":[2163,9924,27,28,1077,15,16,14,25,26,21,22,12,13,19,20,57,302,32,23,24,455,33,58,17,18,29,30,31],"class_list":{"0":"post-135820","1":"post","2":"type-post","3":"status-publish","4":"format-standard","5":"has-post-thumbnail","7":"category-portugal","8":"tag-autu00e1rquicas-2025","9":"tag-braganu00e7a","10":"tag-breaking-news","11":"tag-breakingnews","12":"tag-eleiu00e7u00f5es","13":"tag-featured-news","14":"tag-featurednews","15":"tag-headlines","16":"tag-latest-news","17":"tag-latestnews","18":"tag-main-news","19":"tag-mainnews","20":"tag-news","21":"tag-noticias","22":"tag-noticias-principais","23":"tag-noticiasprincipais","24":"tag-pau00eds","25":"tag-polu00edtica","26":"tag-portugal","27":"tag-principais-noticias","28":"tag-principaisnoticias","29":"tag-ps","30":"tag-pt","31":"tag-sociedade","32":"tag-top-stories","33":"tag-topstories","34":"tag-ultimas","35":"tag-ultimas-noticias","36":"tag-ultimasnoticias"},"share_on_mastodon":{"url":"https:\/\/pubeurope.com\/@pt\/115476470539287124","error":""},"_links":{"self":[{"href":"https:\/\/www.europesays.com\/pt\/wp-json\/wp\/v2\/posts\/135820","targetHints":{"allow":["GET"]}}],"collection":[{"href":"https:\/\/www.europesays.com\/pt\/wp-json\/wp\/v2\/posts"}],"about":[{"href":"https:\/\/www.europesays.com\/pt\/wp-json\/wp\/v2\/types\/post"}],"author":[{"embeddable":true,"href":"https:\/\/www.europesays.com\/pt\/wp-json\/wp\/v2\/users\/2"}],"replies":[{"embeddable":true,"href":"https:\/\/www.europesays.com\/pt\/wp-json\/wp\/v2\/comments?post=135820"}],"version-history":[{"count":0,"href":"https:\/\/www.europesays.com\/pt\/wp-json\/wp\/v2\/posts\/135820\/revisions"}],"wp:featuredmedia":[{"embeddable":true,"href":"https:\/\/www.europesays.com\/pt\/wp-json\/wp\/v2\/media\/135821"}],"wp:attachment":[{"href":"https:\/\/www.europesays.com\/pt\/wp-json\/wp\/v2\/media?parent=135820"}],"wp:term":[{"taxonomy":"category","embeddable":true,"href":"https:\/\/www.europesays.com\/pt\/wp-json\/wp\/v2\/categories?post=135820"},{"taxonomy":"post_tag","embeddable":true,"href":"https:\/\/www.europesays.com\/pt\/wp-json\/wp\/v2\/tags?post=135820"}],"curies":[{"name":"wp","href":"https:\/\/api.w.org\/{rel}","templated":true}]}}