{"id":135826,"date":"2025-11-01T21:06:08","date_gmt":"2025-11-01T21:06:08","guid":{"rendered":"https:\/\/www.europesays.com\/pt\/135826\/"},"modified":"2025-11-01T21:06:08","modified_gmt":"2025-11-01T21:06:08","slug":"veja-os-melhores-retratos-de-outubro-pelas-lentes-da-folha-uol","status":"publish","type":"post","link":"https:\/\/www.europesays.com\/pt\/135826\/","title":{"rendered":"Veja os melhores retratos de outubro pelas lentes da Folha &#8211; UOL"},"content":{"rendered":"<ol>\n<li><a href=\"https:\/\/news.google.com\/rss\/articles\/CBMivAFBVV95cUxNTzEtTmwyU0JNaVA0Qms2TmtERDBrOFR0c0ZWdGxWVTAxdzd3TGpHRFlGc1dNU3c2cy1ubjlNYmdueXpRd2Yzd3FKR0lEQlR2MVdHc1g3NXlCWVduX2tXaEU4T1J2cnVuZjdfUUxvQnQzMDdhOHFoYnlMMlBMVGpvUkZFNVM0aFRwVnI1X2IxUHlhdGtXNGpsdzNHNTZtSkF0OFZ6OHdSdzh0djM2RlFaUEx1dnlLejFaU25wRA?oc=5\" target=\"_blank\" rel=\"nofollow noopener\">Veja os melhores retratos de outubro pelas lentes da Folha<\/a>&nbsp;&nbsp;UOL<\/li>\n<li><a href=\"https:\/\/news.google.com\/rss\/articles\/CBMivAFBVV95cUxQRV9ycTVIVmJFWjN5NU1pa05qVjJyZlhBVFlpMEhhLWE2WGJZc0I2dF9Zekh6bHM3ajI1RGo1bV9PSWdEOTVENjRxVGxSQk1zWWVPY0tnSFpvUEZZSVZHNDNac2d5SnkwcGY0V18tZ2ZiN0psUEZXU1REUUczSmc1eVk1MmFveWoyMkt2TnhCbWlZN01hZzktanpYTDFfOXVvZGh0R1JQT214ZzVZRldKeDExZTgwTlZvU3Fidw?oc=5\" target=\"_blank\" rel=\"nofollow noopener\">Fortes chuvas causam enchente no Vietn\u00e3; veja fotos de hoje &#8211; 31\/10\/2025 &#8211; Imagens do Dia<\/a>&nbsp;&nbsp;UOL<\/li>\n<li><a href=\"https:\/\/news.google.com\/rss\/articles\/CBMiggFBVV95cUxPZWVzT3lHQTVQdmk4QnBxNmJ1OG1NUHdjV1RkOVFwVzZjOFhxXzZvY19qTXk4cHNKMFV6eS05SUliVUJHVXVXdmZyaGJ0Q1NCLXBEelBaMDRUTnZsRlpVNm1zV0JlNUozUUJQbXYxc2E3T3hITjhnUFRMWVNUc2pIU3R3?oc=5\" target=\"_blank\" rel=\"nofollow noopener\">Este \u00e9 o diretor Kleber Mendon\u00e7a Filho &#8211; 01\/11\/2025 &#8211; Monica Bergamo<\/a>&nbsp;&nbsp;UOL<\/li>\n<li><a href=\"https:\/\/news.google.com\/rss\/articles\/CBMiiwJBVV95cUxPUFdJUEIxNU1EUHhWamN2SHBXM3dVOW8tMnJwTkg5TmZMS2JOTnlvTzlkbEtuSldpNHJLZW5xVGtWN0s3VW1CNm9OR0ZHX2YxelpQQmlHNDNXMm45ZDR5TTR1NFlGTkNhUUloczlKb1diQ296SzBJQU8yc0JINkVqN3BxNzNKVUxjQldnQXlwcHhhcGxoZWlmcnBNWWhVQWVjV2VsUTZhUzBILTZ4b1N4MzJFcmVjbVU4Ui1jR3ZCcTRvZHdUN0ludUltdVMzWFBySi12bjNKWHpDTUZCbXluU1NvTXRhT0lxRndYRnJnTloxekVpaDJlMFFndXd6MmFUOTlDRnFlbnZGYUXSAZoCQVVfeXFMUHRPbHM3RDluaWNfMHd3X19TUnlWWFRudUN5NjJtR0lNR2JFWUxvUFZUV3VlM25SNm5CZlI3RDhhLWQtc0QtVnA0RXJpZXRtdHJwOXRUTS11UWJZbjZyamV1MklwM2w4aVJGY3dCOTIweGE4TWZuVDRMOTJ3Qjd3VFBxN0FSc3hXUGxiUS15MldTWVBCVFNiRVkzQ1V4WmtWbVRQdUIxa3Z4NWtjX1dEMG5OSlBmYjlRQ2QycXp4aDhqbWJTVXNyN2JuMFdWSEp6cGhReFpUYTZMRk92MlZTTGt2dmlDaTRqSXRKUFNJNk9sbnFuRDNHa203anc2VWNLWS1BYmpsX0VuaUUyV0I5ZmdvMmM0UkQ4SFZR?oc=5\" target=\"_blank\" rel=\"nofollow noopener\">Caio Blat fala da pe\u00e7a &#8216;Os irm\u00e3os Karam\u00e1zov&#8217;, do primeiro projeto com Ricardo Blat, seu primo, e de s\u00e9rie em Portugal<\/a>&nbsp;&nbsp;O Globo<\/li>\n<li><a href=\"https:\/\/news.google.com\/rss\/articles\/CBMivAFBVV95cUxOTEhtdzhVSlhDaUhMYVNQUHdKcmxnYlFQa3NreWQzbHhLTEtTNnZBZ0lJN1BPbFZUa2R6WmRMSXR3ZTB3Z2duSVRRd3NDTkJsVnVkN1dHd1BPZG1hcjBfd3dvbnhUbFpLaTVQT0pTc1IyTGNkTzV3VldFS3RKV1FleG9JUWhRZThXMllTb2JNQ1htRDBjZmllT1ViUERzZWFJelAzZjFoZkYtNnpTV1V4enAxWnBOTGRTemRkT9IBvAFBVV95cUxOTEhtdzhVSlhDaUhMYVNQUHdKcmxnYlFQa3NreWQzbHhLTEtTNnZBZ0lJN1BPbFZUa2R6WmRMSXR3ZTB3Z2duSVRRd3NDTkJsVnVkN1dHd1BPZG1hcjBfd3dvbnhUbFpLaTVQT0pTc1IyTGNkTzV3VldFS3RKV1FleG9JUWhRZThXMllTb2JNQ1htRDBjZmllT1ViUERzZWFJelAzZjFoZkYtNnpTV1V4enAxWnBOTGRTemRkTw?oc=5\" target=\"_blank\" rel=\"nofollow noopener\">Caio Blat dirige e atua em \u2018Os irm\u00e3os Karam\u00e1zov\u2019 com temporadas esgotadas no Brasil<\/a>&nbsp;&nbsp;Mix Vale<\/li>\n<\/ol>\n","protected":false},"excerpt":{"rendered":"Veja os melhores retratos de outubro pelas lentes da Folha&nbsp;&nbsp;UOL Fortes chuvas causam enchente no Vietn\u00e3; veja fotos&hellip;\n","protected":false},"author":2,"featured_media":135827,"comment_status":"","ping_status":"","sticky":false,"template":"","format":"standard","meta":{"footnotes":""},"categories":[144],"tags":[207,205,206,203,201,202,204,114,115,236,30508,2085,32,33,30507],"class_list":{"0":"post-135826","1":"post","2":"type-post","3":"status-publish","4":"format-standard","5":"has-post-thumbnail","7":"category-arte-e-design","8":"tag-arte","9":"tag-arte-e-design","10":"tag-artedesign","11":"tag-arts","12":"tag-arts-and-design","13":"tag-artsanddesign","14":"tag-design","15":"tag-entertainment","16":"tag-entretenimento","17":"tag-folha","18":"tag-folha-de-spaulo","19":"tag-fotografia","20":"tag-portugal","21":"tag-pt","22":"tag-retratos"},"share_on_mastodon":{"url":"https:\/\/pubeurope.com\/@pt\/115476482191956664","error":""},"_links":{"self":[{"href":"https:\/\/www.europesays.com\/pt\/wp-json\/wp\/v2\/posts\/135826","targetHints":{"allow":["GET"]}}],"collection":[{"href":"https:\/\/www.europesays.com\/pt\/wp-json\/wp\/v2\/posts"}],"about":[{"href":"https:\/\/www.europesays.com\/pt\/wp-json\/wp\/v2\/types\/post"}],"author":[{"embeddable":true,"href":"https:\/\/www.europesays.com\/pt\/wp-json\/wp\/v2\/users\/2"}],"replies":[{"embeddable":true,"href":"https:\/\/www.europesays.com\/pt\/wp-json\/wp\/v2\/comments?post=135826"}],"version-history":[{"count":0,"href":"https:\/\/www.europesays.com\/pt\/wp-json\/wp\/v2\/posts\/135826\/revisions"}],"wp:featuredmedia":[{"embeddable":true,"href":"https:\/\/www.europesays.com\/pt\/wp-json\/wp\/v2\/media\/135827"}],"wp:attachment":[{"href":"https:\/\/www.europesays.com\/pt\/wp-json\/wp\/v2\/media?parent=135826"}],"wp:term":[{"taxonomy":"category","embeddable":true,"href":"https:\/\/www.europesays.com\/pt\/wp-json\/wp\/v2\/categories?post=135826"},{"taxonomy":"post_tag","embeddable":true,"href":"https:\/\/www.europesays.com\/pt\/wp-json\/wp\/v2\/tags?post=135826"}],"curies":[{"name":"wp","href":"https:\/\/api.w.org\/{rel}","templated":true}]}}