{"id":135839,"date":"2025-11-01T21:17:10","date_gmt":"2025-11-01T21:17:10","guid":{"rendered":"https:\/\/www.europesays.com\/pt\/135839\/"},"modified":"2025-11-01T21:17:10","modified_gmt":"2025-11-01T21:17:10","slug":"homicida-de-manu-confessou-crime-mas-alegou-legitima-defesa","status":"publish","type":"post","link":"https:\/\/www.europesays.com\/pt\/135839\/","title":{"rendered":"Homicida de &#8220;Manu&#8221; confessou crime, mas alegou leg\u00edtima defesa"},"content":{"rendered":"<p data-remotead-prev-elm=\"true\" data-remotead-elm-id=\"inread\">De acordo com o processo consultado pelo JN, na origem do crime est\u00e1 um incidente gerado quando &#8220;Manu&#8221; ter\u00e1 visto algu\u00e9m a colocar uma subst\u00e2ncia alucinog\u00e9nia na bebida de uma amiga, de 16 anos. Interveio logo, mas acabou esbofeteado e expulso do bar com um amigo.<\/p>\n<p>Interrogado pelo procurador Rog\u00e9rio Os\u00f3rio, Matheus Marley Machado, de 27 anos, em pris\u00e3o preventiva, na Cadeia de Cust\u00f3ias, em Matosinhos, afirmou ao MP e \u00e0 PJ &#8220;ter feito uso da faca&#8221; contra a v\u00edtima.<\/p>\n<p>&#8220;Eu vi o &#8216;Manu&#8217; a correr na minha dire\u00e7\u00e3o, acabando logo por apanhar a faca do ch\u00e3o, mas para me defender do &#8216;Manu&#8217;, que nesta altura j\u00e1 estava junto de mim&#8221;, declarou o arguido, durante o depoimento prestado perante o magistrado, que consta do processo.<\/p>\n<p data-remotead-prev-elm=\"true\" data-remotead-elm-id=\"centro1\">A confiss\u00e3o da autoria do crime encaixa nas investiga\u00e7\u00f5es da Pol\u00edcia Judici\u00e1ria de Braga, segundo a qual Marley &#8220;desferiu v\u00e1rios golpes na zona abdominal e das axilas de Manuel de Oliveira Gon\u00e7alves (&#8216;Manu&#8217;), que lhe vieram a provocar a morte&#8221;.<\/p>\n<p><img decoding=\"async\" class=\"ngx-body\" guid=\"88520a56-604b-47c0-ba58-112cb47620ae\" src=\"https:\/\/www.europesays.com\/pt\/wp-content\/uploads\/2025\/11\/1762031830_321_image.jpg\" width=\"100%\"\/>Manu tinha 19 anos (Foto: Direitos reservados)<\/p>\n<p>No interrogat\u00f3rio, o arguido deu a sua vers\u00e3o sobre os momentos que antecederam as facadas fatais, dizendo que cerca das 5 horas, ao sair do Bar da Associa\u00e7\u00e3o Acad\u00e9mica da Universidade com um amigo chamado Ian, deparou-se com &#8220;Manu&#8221; e um amigo deste. Declarou nada saber sobre qualquer subst\u00e2ncia alucinog\u00e9nia colocada numa bebida e que, at\u00e9 aquela noite, n\u00e3o conhecia a v\u00edtima. Assegurou ainda que &#8220;Manu&#8221; e um amigo, armado de uma faca, vieram ter com ele. &#8220;Essa pessoa brandia a faca no ar como se pretendesse atingir o Ian&#8221;, disse.<\/p>\n<p data-remotead-prev-elm=\"true\" data-remotead-elm-id=\"centro2\">&#8220;Nessa altura, a pessoa [amigo de &#8216;Manu&#8217;] tinha a faca na m\u00e3o virou-se na minha dire\u00e7\u00e3o, tentando tamb\u00e9m atingir-me, o que s\u00f3 n\u00e3o aconteceu, porque eu consegui agarrar a m\u00e3o que tinha a faca&#8221;, salientou ao magistrado do MP e aos inspetores da PJ. Ainda segundo o autor confesso do homic\u00eddio: &#8220;Ian conseguiu dar um soco aquela pessoa [amigo de &#8216;Manu&#8217;], o que faz com que a mesma largue a faca, que acabou por cair no ch\u00e3o&#8221;. Alegando leg\u00edtima defesa garantiu: &#8220;temi pela minha pr\u00f3pria vida e da do Ian&#8221;.<\/p>\n<p>Marley, posto em pris\u00e3o preventiva poucos dias ap\u00f3s o crime, declarou que, naquele momento de confus\u00e3o, n\u00e3o teve a certeza de ter atingido a v\u00edtima com a faca, que acabou por deixar cair ao ch\u00e3o.<\/p>\n","protected":false},"excerpt":{"rendered":"De acordo com o processo consultado pelo JN, na origem do crime est\u00e1 um incidente gerado quando &#8220;Manu&#8221;&hellip;\n","protected":false},"author":2,"featured_media":135840,"comment_status":"","ping_status":"","sticky":false,"template":"","format":"standard","meta":{"footnotes":""},"categories":[10],"tags":[1912,27,28,15,16,14,5564,603,25,26,21,22,13419,12,13,19,20,32,23,24,33,17,18,29,30,31],"class_list":{"0":"post-135839","1":"post","2":"type-post","3":"status-publish","4":"format-standard","5":"has-post-thumbnail","7":"category-portugal","8":"tag-braga","9":"tag-breaking-news","10":"tag-breakingnews","11":"tag-featured-news","12":"tag-featurednews","13":"tag-headlines","14":"tag-homicidio","15":"tag-justica","16":"tag-latest-news","17":"tag-latestnews","18":"tag-main-news","19":"tag-mainnews","20":"tag-manu","21":"tag-news","22":"tag-noticias","23":"tag-noticias-principais","24":"tag-noticiasprincipais","25":"tag-portugal","26":"tag-principais-noticias","27":"tag-principaisnoticias","28":"tag-pt","29":"tag-top-stories","30":"tag-topstories","31":"tag-ultimas","32":"tag-ultimas-noticias","33":"tag-ultimasnoticias"},"share_on_mastodon":{"url":"https:\/\/pubeurope.com\/@pt\/115476525594709269","error":""},"_links":{"self":[{"href":"https:\/\/www.europesays.com\/pt\/wp-json\/wp\/v2\/posts\/135839","targetHints":{"allow":["GET"]}}],"collection":[{"href":"https:\/\/www.europesays.com\/pt\/wp-json\/wp\/v2\/posts"}],"about":[{"href":"https:\/\/www.europesays.com\/pt\/wp-json\/wp\/v2\/types\/post"}],"author":[{"embeddable":true,"href":"https:\/\/www.europesays.com\/pt\/wp-json\/wp\/v2\/users\/2"}],"replies":[{"embeddable":true,"href":"https:\/\/www.europesays.com\/pt\/wp-json\/wp\/v2\/comments?post=135839"}],"version-history":[{"count":0,"href":"https:\/\/www.europesays.com\/pt\/wp-json\/wp\/v2\/posts\/135839\/revisions"}],"wp:featuredmedia":[{"embeddable":true,"href":"https:\/\/www.europesays.com\/pt\/wp-json\/wp\/v2\/media\/135840"}],"wp:attachment":[{"href":"https:\/\/www.europesays.com\/pt\/wp-json\/wp\/v2\/media?parent=135839"}],"wp:term":[{"taxonomy":"category","embeddable":true,"href":"https:\/\/www.europesays.com\/pt\/wp-json\/wp\/v2\/categories?post=135839"},{"taxonomy":"post_tag","embeddable":true,"href":"https:\/\/www.europesays.com\/pt\/wp-json\/wp\/v2\/tags?post=135839"}],"curies":[{"name":"wp","href":"https:\/\/api.w.org\/{rel}","templated":true}]}}